{"id":15795,"date":"2026-04-25T09:31:57","date_gmt":"2026-04-25T09:31:57","guid":{"rendered":"https:\/\/www.newsrecorder.ro\/app\/2026\/04\/25\/aur-pregateste-o-motiune-de-cenzura-impotriva-guvernului-bolojan\/"},"modified":"2026-04-25T09:31:57","modified_gmt":"2026-04-25T09:31:57","slug":"aur-pregateste-o-motiune-de-cenzura-impotriva-guvernului-bolojan","status":"publish","type":"post","link":"https:\/\/www.newsrecorder.ro\/app\/2026\/04\/25\/aur-pregateste-o-motiune-de-cenzura-impotriva-guvernului-bolojan\/","title":{"rendered":"AUR preg\u0103te\u0219te o mo\u021biune de cenzur\u0103 \u00eempotriva Guvernului Bolojan!"},"content":{"rendered":"<p>La \u00eenceputul lunii mai, AUR inten\u021bioneaz\u0103 s\u0103 depun\u0103 o mo\u021biune de cenzur\u0103 \u00eempotriva guvernului condus de Ilie Bolojan. Motiva\u021bia acestei ac\u021biuni este strict economic\u0103, liderul AUR, Petri\u0219or Peiu, afirm\u00e2nd c\u0103 \u201eguvernul actual este evident incapabil s\u0103 administreze economia \u021b\u0103rii, gener\u00e2nd astfel o criz\u0103 economic\u0103\u201d.<\/p>\n<p>Peiu a criticat m\u0103surile de cre\u0219tere a veniturilor adoptate de Bolojan pentru a reduce deficitul bugetar, acuz\u00e2ndu-l c\u0103 acestea contribuie la deteriorarea situa\u021biei economice actuale. \u201eIndustria se pr\u0103bu\u0219e\u0219te, iar serviciile oferite popula\u021biei sunt \u00een declin. Februarie 2026 marcheaz\u0103 cea de-a \u0219aptea lun\u0103 consecutiv\u0103 de sc\u0103dere \u00een sectorul serviciilor. Acest lucru indic\u0103, f\u0103r\u0103 \u00eendoial\u0103, o pr\u0103bu\u0219ire a nivelului de trai, cauzat\u0103 de cre\u0219terea exagerat\u0103 a impozitelor pe consum, precum TVA-ul \u0219i accizele\u201d, a declarat acesta.<\/p>\n<p>\u00cen contextul acestei mo\u021biuni, senatorul AUR a subliniat regresul economic resim\u021bit. \u201e\u00cen primele dou\u0103 luni ale anului 2026, volumul cifrei de afaceri din serviciile de pia\u021b\u0103 destinate popula\u021biei a sc\u0103zut cu 10,7% fa\u021b\u0103 de aceea\u0219i perioad\u0103 din 2025, at\u00e2t ca serie brut\u0103, c\u00e2t \u0219i ajustat\u0103 \u00een func\u021bie de zilele lucr\u0103toare \u0219i sezon. De asemenea, comenzile noi din industria prelucr\u0103toare au sc\u0103zut cu 4,2% \u00een termen nominal, iar cifra de afaceri din industrie a \u00eenregistrat o sc\u0103dere de 3,3% \u00een aceea\u0219i compara\u021bie\u201d, a ad\u0103ugat Peiu.<\/p>\n<p>Pe de alt\u0103 parte, guvernul Rom\u00e2niei se confrunt\u0103 cu o criz\u0103 politic\u0103, av\u00e2nd \u00een vedere c\u0103 Partidul Social Democrat (PSD) a decis s\u0103 retrag\u0103 sprijinul politic pentru Ilie Bolojan, iar mini\u0219trii social-democra\u021bi \u0219i-au depus demisiile din Executiv. Aceast\u0103 mi\u0219care a generat specula\u021bii cu privire la o posibil\u0103 mo\u021biune de cenzur\u0103 din partea PSD, \u00een cazul \u00een care Bolojan nu va renun\u021ba la func\u021bia de premier. Pre\u0219edintele PSD, Sorin Grindeanu, a declarat: \u201eEste una dintre variantele pe care le lu\u0103m \u00een considerare. S\u0103 vedem mai \u00eent\u00e2i ce se \u00eent\u00e2mpl\u0103 la consult\u0103rile de miercuri de la Palatul Cotroceni\u201d.<\/p>\n","protected":false},"excerpt":{"rendered":"<p>La \u00eenceputul lunii mai, AUR inten\u021bioneaz\u0103 s\u0103 depun\u0103 o mo\u021biune de cenzur\u0103 \u00eempotriva guvernului condus de Ilie Bolojan. Motiva\u021bia acestei ac\u021biuni este strict economic\u0103, liderul AUR, Petri\u0219or Peiu, afirm\u00e2nd c\u0103 \u201eguvernul actual este evident incapabil s\u0103 administreze economia \u021b\u0103rii, gener\u00e2nd astfel o criz\u0103 economic\u0103\u201d. Peiu a criticat m\u0103surile de cre\u0219tere a veniturilor adoptate de Bolojan [&hellip;]<\/p>\n","protected":false},"author":2,"featured_media":15796,"comment_status":"open","ping_status":"open","sticky":false,"template":"","format":"standard","meta":{"jnews-multi-image_gallery":[],"jnews_single_post":[],"jnews_primary_category":[],"jnews_override_counter":[],"footnotes":""},"categories":[39],"tags":[1916,2091,298,301,787,12212,2155,18199],"class_list":["post-15795","post","type-post","status-publish","format-standard","has-post-thumbnail","hentry","category-stirile-zilei","tag-aur","tag-criza-economica","tag-deficit-bugetar","tag-guvern","tag-impozite","tag-motiune-de-cenzura","tag-nivel-de-trai","tag-regres-economic"],"_links":{"self":[{"href":"https:\/\/www.newsrecorder.ro\/app\/wp-json\/wp\/v2\/posts\/15795","targetHints":{"allow":["GET"]}}],"collection":[{"href":"https:\/\/www.newsrecorder.ro\/app\/wp-json\/wp\/v2\/posts"}],"about":[{"href":"https:\/\/www.newsrecorder.ro\/app\/wp-json\/wp\/v2\/types\/post"}],"author":[{"embeddable":true,"href":"https:\/\/www.newsrecorder.ro\/app\/wp-json\/wp\/v2\/users\/2"}],"replies":[{"embeddable":true,"href":"https:\/\/www.newsrecorder.ro\/app\/wp-json\/wp\/v2\/comments?post=15795"}],"version-history":[{"count":0,"href":"https:\/\/www.newsrecorder.ro\/app\/wp-json\/wp\/v2\/posts\/15795\/revisions"}],"wp:featuredmedia":[{"embeddable":true,"href":"https:\/\/www.newsrecorder.ro\/app\/wp-json\/wp\/v2\/media\/15796"}],"wp:attachment":[{"href":"https:\/\/www.newsrecorder.ro\/app\/wp-json\/wp\/v2\/media?parent=15795"}],"wp:term":[{"taxonomy":"category","embeddable":true,"href":"https:\/\/www.newsrecorder.ro\/app\/wp-json\/wp\/v2\/categories?post=15795"},{"taxonomy":"post_tag","embeddable":true,"href":"https:\/\/www.newsrecorder.ro\/app\/wp-json\/wp\/v2\/tags?post=15795"}],"curies":[{"name":"wp","href":"https:\/\/api.w.org\/{rel}","templated":true}]}}