{"id":15809,"date":"2026-04-25T09:33:36","date_gmt":"2026-04-25T09:33:36","guid":{"rendered":"https:\/\/www.newsrecorder.ro\/app\/2026\/04\/25\/alerta-in-galati-drona-capturata-avea-incarcatura-exploziva\/"},"modified":"2026-04-25T09:33:36","modified_gmt":"2026-04-25T09:33:36","slug":"alerta-in-galati-drona-capturata-avea-incarcatura-exploziva","status":"publish","type":"post","link":"https:\/\/www.newsrecorder.ro\/app\/2026\/04\/25\/alerta-in-galati-drona-capturata-avea-incarcatura-exploziva\/","title":{"rendered":"Alert\u0103 \u00een Gala\u021bi: Drona capturat\u0103 avea \u00eenc\u0103rc\u0103tur\u0103 exploziv\u0103!"},"content":{"rendered":"<p>\u00centr-o declara\u021bie recent\u0103 transmis\u0103 presei, Bogdan Toma, purt\u0103torul de cuv\u00e2nt al Departamentului pentru Situa\u021bii de Urgen\u021b\u0103, a confirmat prezen\u021ba \u00eenc\u0103rc\u0103turii explozive pe fragmentele de dron\u0103 recuperate. \u201eAceasta este o informa\u021bie de ultim moment pe care am comunicat-o deja reprezentan\u021bilor mass-media, iar colegii din teren confirm\u0103 aceast\u0103 situa\u021bie\u201d, a afirmat Toma \u00een cadrul unei interven\u021bii la Digi24.<\/p>\n<p>Oficialul a subliniat c\u0103 prioritatea autorit\u0103\u021bilor este evacuarea popula\u021biei din zona afectat\u0103. \u201e\u00cen acest moment, toate ac\u021biunile echipajelor operative din cadrul Ministerului Afacerilor Interne, precum \u0219i ale colegilor din celelalte institu\u021bii, inclusiv Ministerul Ap\u0103r\u0103rii Na\u021bionale, se concentreaz\u0103 pe evacuarea persoanelor din zon\u0103. Aceast\u0103 opera\u021biune este una preventiv\u0103. Ne propunem s\u0103 evacu\u0103m popula\u021bia, iar ulterior, \u00een colaborare cu celelalte institu\u021bii responsabile de gestionarea acestui tip de risc, vom lua m\u0103surile necesare\u201d, a ad\u0103ugat Toma.<\/p>\n<p>Aceste declara\u021bii survin \u00een contextul celui mai <a style=\"color: #0000ff\" href=\"https:\/\/www.mediafax.ro\/social\/pagube-in-galati-dupa-caderea-unor-fragmente-de-drona-ruseasca-atac-masiv-al-rusiei-la-granita-avioane-eurofighter-typhoon-ridicate-23726269\">serios<\/a> incident cu drone de la \u00eenceputul R\u0103zboiului din Ucraina. \u00cen noaptea de vineri spre s\u00e2mb\u0103t\u0103, fragmente de dron\u0103 au c\u0103zut \u00een Gala\u021bi, \u00een zona Bariera Traian, provoc\u00e2nd \u00eengrijorare \u00een r\u00e2ndul autorit\u0103\u021bilor \u0219i al popula\u021biei. <\/p>\n","protected":false},"excerpt":{"rendered":"<p>\u00centr-o declara\u021bie recent\u0103 transmis\u0103 presei, Bogdan Toma, purt\u0103torul de cuv\u00e2nt al Departamentului pentru Situa\u021bii de Urgen\u021b\u0103, a confirmat prezen\u021ba \u00eenc\u0103rc\u0103turii explozive pe fragmentele de dron\u0103 recuperate. \u201eAceasta este o informa\u021bie de ultim moment pe care am comunicat-o deja reprezentan\u021bilor mass-media, iar colegii din teren confirm\u0103 aceast\u0103 situa\u021bie\u201d, a afirmat Toma \u00een cadrul unei interven\u021bii la [&hellip;]<\/p>\n","protected":false},"author":2,"featured_media":15810,"comment_status":"open","ping_status":"open","sticky":false,"template":"","format":"standard","meta":{"jnews-multi-image_gallery":[],"jnews_single_post":[],"jnews_primary_category":[],"jnews_override_counter":[],"footnotes":""},"categories":[39],"tags":[3776,2179,18213,4640,18214,1329,1696,2047],"class_list":["post-15809","post","type-post","status-publish","format-standard","has-post-thumbnail","hentry","category-stirile-zilei","tag-drona","tag-evacuare","tag-incarcatura-exploziva","tag-mass-media","tag-masuri-preventive","tag-ministerul-afacerilor-interne","tag-riscuri","tag-situatii-de-urgenta"],"_links":{"self":[{"href":"https:\/\/www.newsrecorder.ro\/app\/wp-json\/wp\/v2\/posts\/15809","targetHints":{"allow":["GET"]}}],"collection":[{"href":"https:\/\/www.newsrecorder.ro\/app\/wp-json\/wp\/v2\/posts"}],"about":[{"href":"https:\/\/www.newsrecorder.ro\/app\/wp-json\/wp\/v2\/types\/post"}],"author":[{"embeddable":true,"href":"https:\/\/www.newsrecorder.ro\/app\/wp-json\/wp\/v2\/users\/2"}],"replies":[{"embeddable":true,"href":"https:\/\/www.newsrecorder.ro\/app\/wp-json\/wp\/v2\/comments?post=15809"}],"version-history":[{"count":0,"href":"https:\/\/www.newsrecorder.ro\/app\/wp-json\/wp\/v2\/posts\/15809\/revisions"}],"wp:featuredmedia":[{"embeddable":true,"href":"https:\/\/www.newsrecorder.ro\/app\/wp-json\/wp\/v2\/media\/15810"}],"wp:attachment":[{"href":"https:\/\/www.newsrecorder.ro\/app\/wp-json\/wp\/v2\/media?parent=15809"}],"wp:term":[{"taxonomy":"category","embeddable":true,"href":"https:\/\/www.newsrecorder.ro\/app\/wp-json\/wp\/v2\/categories?post=15809"},{"taxonomy":"post_tag","embeddable":true,"href":"https:\/\/www.newsrecorder.ro\/app\/wp-json\/wp\/v2\/tags?post=15809"}],"curies":[{"name":"wp","href":"https:\/\/api.w.org\/{rel}","templated":true}]}}