{"id":15837,"date":"2026-04-25T16:16:54","date_gmt":"2026-04-25T16:16:54","guid":{"rendered":"https:\/\/www.newsrecorder.ro\/app\/2026\/04\/25\/negrescu-cere-actiuni-de-la-kaja-kallas-dupa-incidentul-cu-drona-din-galati\/"},"modified":"2026-04-25T16:16:54","modified_gmt":"2026-04-25T16:16:54","slug":"negrescu-cere-actiuni-de-la-kaja-kallas-dupa-incidentul-cu-drona-din-galati","status":"publish","type":"post","link":"https:\/\/www.newsrecorder.ro\/app\/2026\/04\/25\/negrescu-cere-actiuni-de-la-kaja-kallas-dupa-incidentul-cu-drona-din-galati\/","title":{"rendered":"Negrescu cere ac\u021biuni de la Kaja Kallas dup\u0103 incidentul cu drona din Gala\u021bi"},"content":{"rendered":"<p><em>\u201eAm adresat o solicitare oficial\u0103 c\u0103tre \u00cenaltul Reprezentant al Uniunii Europene pentru afaceri externe \u0219i politica de securitate, Kaja Kallas, \u00een urma incidentului recent din Rom\u00e2nia, unde o dron\u0103 ruseasc\u0103 a intrat \u00een spa\u021biul aerian na\u021bional \u0219i a c\u0103zut pe teritoriul nostru\u201d<\/em>, a declarat Victor Negrescu, s\u00e2mb\u0103t\u0103 dup\u0103-amiaz\u0103, \u00eentr-un mesaj postat pe Facebook.<\/p>\n<p>Negrescu a subliniat c\u0103 acest incident nu este unul \u00eent\u00e2mpl\u0103tor, ci face parte dintr-un \u201etipar periculos\u201d care se desf\u0103\u0219oar\u0103 \u00een apropierea grani\u021belor Uniunii Europene \u0219i NATO.<\/p>\n<p><em>\u201eAm semnalat \u00een mod constant aceste riscuri, \u00een special \u00een contextul provoc\u0103rilor cu care se confrunt\u0103 Rom\u00e2nia, iar \u00eengrijor\u0103rile noastre au fost reflectate \u0219i \u00een pozi\u021bia oficial\u0103 a Parlamentului European\u201d<\/em>, a ad\u0103ugat vicepre\u0219edintele Parlamentului European.<\/p>\n<p>Negrescu a subliniat c\u0103 acest incident ridic\u0103 din nou \u00eentreb\u0103ri importante cu privire la nivelul de protec\u021bie \u0219i la capacitatea de reac\u021bie a Uniunii Europene \u00een fa\u021ba unor astfel de amenin\u021b\u0103ri. El i-a cerut lui Kaja Kallas \u201es\u0103 \u00eent\u0103reasc\u0103 mecanismele europene de monitorizare \u0219i r\u0103spuns rapid la \u00eenc\u0103lc\u0103rile spa\u021biului aerian, precum \u0219i s\u0103 faciliteze o coordonare mai str\u00e2ns\u0103 \u00eentre statele membre \u0219i institu\u021biile UE pentru a proteja infrastructura civil\u0103 \u0219i popula\u021bia\u201d.<\/p>\n<p>De asemenea, Victor Negrescu a solicitat evaluarea unor \u201em\u0103suri suplimentare de descurajare \u0219i sanc\u021bionare\u201d \u0219i a cerut ca aceste riscuri s\u0103 fie integrate \u00een viitoarele instrumente europene de securitate \u0219i ap\u0103rare.<\/p>\n<p><em>\u201eRom\u00e2nia se afl\u0103 la frontiera Uniunii \u0219i resimte direct efectele conflictului din vecin\u0103tate. Protejarea cet\u0103\u021benilor europeni nu poate fi o ac\u021biune fragmentat\u0103. Este necesar un r\u0103spuns comun, coordonat \u0219i credibil. Europa trebuie s\u0103 fie prezent\u0103 acolo unde cet\u0103\u021benii s\u0103i au nevoie de siguran\u021b\u0103\u201d<\/em>, a concluzionat Victor Negrescu.<\/p>\n<p>\u00cen contextul acestui incident, amintim c\u0103 s\u00e2mb\u0103t\u0103 diminea\u021ba, \u00een jurul orei 2:31, <a href=\"https:\/\/www.mediafax.ro\/social\/pagube-in-galati-dupa-caderea-unor-fragmente-de-drona-ruseasca-atac-masiv-al-rusiei-la-granita-avioane-eurofighter-typhoon-ridicate-23726269\" target=\"_blank\" rel=\"noopener\">o dron\u0103 ruseasc\u0103 de tip Geran 2<\/a> a c\u0103zut \u00eentr-o gospod\u0103rie din Gala\u021bi, provoc\u00e2nd daune unei anexe \u0219i unui st\u00e2lp de electricitate. Drona, care transporta o \u00eenc\u0103rc\u0103tur\u0103 exploziv\u0103, a fost detonat\u0103 controlat de c\u0103tre echipele de geni\u0219ti \u00een jurul amiezii.<\/p>\n<p>Ulterior, Ministerul Ap\u0103r\u0103rii Na\u021bionale a raportat c\u0103 noi fragmente ale dronei au fost descoperite \u00een jude\u021bul Tulcea, iar o echip\u0103 de speciali\u0219ti a intervenit pentru a efectua cercet\u0103ri \u0219i a colecta probe de la fa\u021ba locului.<\/p>\n","protected":false},"excerpt":{"rendered":"<p>\u201eAm adresat o solicitare oficial\u0103 c\u0103tre \u00cenaltul Reprezentant al Uniunii Europene pentru afaceri externe \u0219i politica de securitate, Kaja Kallas, \u00een urma incidentului recent din Rom\u00e2nia, unde o dron\u0103 ruseasc\u0103 a intrat \u00een spa\u021biul aerian na\u021bional \u0219i a c\u0103zut pe teritoriul nostru\u201d, a declarat Victor Negrescu, s\u00e2mb\u0103t\u0103 dup\u0103-amiaz\u0103, \u00eentr-un mesaj postat pe Facebook. Negrescu a [&hellip;]<\/p>\n","protected":false},"author":2,"featured_media":15838,"comment_status":"open","ping_status":"open","sticky":false,"template":"","format":"standard","meta":{"jnews-multi-image_gallery":[],"jnews_single_post":[],"jnews_primary_category":[],"jnews_override_counter":[],"footnotes":""},"categories":[42],"tags":[18203,18240,3611,634,1696,149,874,321],"class_list":["post-15837","post","type-post","status-publish","format-standard","has-post-thumbnail","hentry","category-politica","tag-drona-ruseasca","tag-incidente-de-securitate","tag-kaja-kallas","tag-parlamentul-european","tag-riscuri","tag-romania","tag-securitate","tag-uniunea-europeana"],"_links":{"self":[{"href":"https:\/\/www.newsrecorder.ro\/app\/wp-json\/wp\/v2\/posts\/15837","targetHints":{"allow":["GET"]}}],"collection":[{"href":"https:\/\/www.newsrecorder.ro\/app\/wp-json\/wp\/v2\/posts"}],"about":[{"href":"https:\/\/www.newsrecorder.ro\/app\/wp-json\/wp\/v2\/types\/post"}],"author":[{"embeddable":true,"href":"https:\/\/www.newsrecorder.ro\/app\/wp-json\/wp\/v2\/users\/2"}],"replies":[{"embeddable":true,"href":"https:\/\/www.newsrecorder.ro\/app\/wp-json\/wp\/v2\/comments?post=15837"}],"version-history":[{"count":0,"href":"https:\/\/www.newsrecorder.ro\/app\/wp-json\/wp\/v2\/posts\/15837\/revisions"}],"wp:featuredmedia":[{"embeddable":true,"href":"https:\/\/www.newsrecorder.ro\/app\/wp-json\/wp\/v2\/media\/15838"}],"wp:attachment":[{"href":"https:\/\/www.newsrecorder.ro\/app\/wp-json\/wp\/v2\/media?parent=15837"}],"wp:term":[{"taxonomy":"category","embeddable":true,"href":"https:\/\/www.newsrecorder.ro\/app\/wp-json\/wp\/v2\/categories?post=15837"},{"taxonomy":"post_tag","embeddable":true,"href":"https:\/\/www.newsrecorder.ro\/app\/wp-json\/wp\/v2\/tags?post=15837"}],"curies":[{"name":"wp","href":"https:\/\/api.w.org\/{rel}","templated":true}]}}