{"id":15841,"date":"2026-04-25T16:17:40","date_gmt":"2026-04-25T16:17:40","guid":{"rendered":"https:\/\/www.newsrecorder.ro\/app\/2026\/04\/25\/nicusor-dan-rusia-condamnata-pentru-comportamentul-iresponsabil\/"},"modified":"2026-04-25T16:17:40","modified_gmt":"2026-04-25T16:17:40","slug":"nicusor-dan-rusia-condamnata-pentru-comportamentul-iresponsabil","status":"publish","type":"post","link":"https:\/\/www.newsrecorder.ro\/app\/2026\/04\/25\/nicusor-dan-rusia-condamnata-pentru-comportamentul-iresponsabil\/","title":{"rendered":"Nicu\u0219or Dan: Rusia, condamnat\u0103 pentru comportamentul iresponsabil!"},"content":{"rendered":"<p><em>\u201eCondamn cu t\u0103rie comportamentul iresponsabil al Rusiei. Incidentele, precum drona care a c\u0103zut asear\u0103 la Gala\u021bi, eviden\u021biaz\u0103 lipsa de respect fa\u021b\u0103 de normele de drept interna\u021bional \u0219i pun \u00een pericol siguran\u021ba cet\u0103\u021benilor Rom\u00e2niei, un stat membru NATO\u201d,<\/em> a declarat Nicu\u0219or Dan, conform unui comunicat emis de Administra\u021bia Preziden\u021bial\u0103.<\/p>\n<p>El a subliniat c\u0103 siguran\u021ba cet\u0103\u021benilor trebuie s\u0103 fie o prioritate absolut\u0103.<\/p>\n<p>\u00cen continuare, pre\u0219edintele a men\u021bionat c\u0103 institu\u021biile competente au reac\u021bionat prompt \u0219i coordonat, reu\u0219ind s\u0103 minimizeze riscurile prin detonarea controlat\u0103 a fragmentelor r\u0103mase din drona rus\u0103.<\/p>\n<p>Nicu\u0219or Dan a accentuat c\u0103 nu putem ignora \u201erealitatea unui r\u0103zboi care se desf\u0103\u0219oar\u0103 la grani\u021bele noastre, gener\u00e2nd provoc\u0103ri \u0219i vulnerabilit\u0103\u021bi ce necesit\u0103 o abordare serioas\u0103\u201d.<\/p>\n<p><em>\u201eRom\u00e2nia nu este implicat\u0103 direct \u00een acest conflict. Totu\u0219i, efectele acestuia se resimt \u00een comunit\u0103\u021bile noastre, \u00een gospod\u0103riile \u0219i vie\u021bile cet\u0103\u021benilor. Acesta este primul incident \u00een care propriet\u0103\u021bi rom\u00e2ne\u0219ti au fost afectate, un semnal pe care \u00eel trat\u0103m cu maxim\u0103 seriozitate\u201d,<\/em> a ad\u0103ugat Nicu\u0219or Dan.<\/p>\n<p>Incidentul a avut loc s\u00e2mb\u0103t\u0103 diminea\u021b\u0103, c\u00e2nd <a style=\"color: #0000ff\" href=\"https:\/\/www.mediafax.ro\/social\/pagube-in-galati-dupa-caderea-unor-fragmente-de-drona-ruseasca-atac-masiv-al-rusiei-la-granita-avioane-eurofighter-typhoon-ridicate-23726269\"><strong>drona de tip Geran 2 din Rusia a c\u0103zut \u00een Gala\u021bi<\/strong><\/a> \u00een jurul orei <strong>2:31<\/strong>, \u00een zona Bariera Traian. De\u0219i nu au fost raportate victime, o anex\u0103 dintr-o <a href=\"https:\/\/www.mediafax.ro\/social\/proprietara-gospodariei-din-galati-unde-s-a-prabusit-drona-mi-a-fost-frica-23726454\" target=\"_blank\" rel=\"noopener\"><strong>gospod\u0103rie<\/strong><\/a> \u0219i un st\u00e2lp de electricitate au fost afectate, f\u0103r\u0103 pagube semnificative.<\/p>\n<p>Fragmente ale dronei au fost descoperite \u00een mai multe loca\u021bii din jur, zona fiind securizat\u0103 de Poli\u021bia Rom\u00e2n\u0103 \u0219i de militarii din Ministerul Ap\u0103r\u0103rii Na\u021bionale. Autorit\u0103\u021bile au decis evacuarea a 217 persoane, iar <a href=\"https:\/\/www.mediafax.ro\/stirile-zilei\/fragmentele-de-drona-cazuta-in-galati-au-fost-detonate-controlat-a-fost-emis-ro-alert-23726442\" target=\"_blank\" rel=\"noopener\">drona<\/a> cu \u00eenc\u0103rc\u0103tur\u0103 a fost detonat\u0103 de pirotehni\u0219ti s\u00e2mb\u0103t\u0103, \u00een jurul orei 14:30.<\/p>\n<p><em>\u201e\u00cei mul\u021bumesc tuturor celor implica\u021bi, personalului de la MAI, MApN \u0219i SRI, pentru interven\u021bia profesionist\u0103, evacuarea \u00een siguran\u021b\u0103 a cet\u0103\u021benilor \u0219i gestionarea responsabil\u0103 a situa\u021biei\u201d,<\/em> a declarat pre\u0219edintele.<\/p>\n<p>\u00cen ceea ce prive\u0219te incidentul legat de dron\u0103, Nicu\u0219or Dan a subliniat c\u0103 <em>\u201ee necesar\u0103 accelerarea programelor de \u00eenzestrare \u0219i modernizare a Armatei, astfel \u00eenc\u00e2t s\u0103 r\u0103spundem adecvat riscurilor actuale. Planul de achizi\u021bii din SAFE este esen\u021bial\u201d.<\/em><\/p>\n<p>De asemenea, \u0219eful statului a afirmat c\u0103 sprijinul acordat Ucrainei r\u0103m\u00e2ne o decizie corect\u0103 \u0219i c\u0103 Rom\u00e2nia particip\u0103 activ la eforturile de \u00eent\u0103rire a securit\u0103\u021bii comune.<\/p>\n<p><em>\u201eSprijinul acordat Ucrainei, \u00eenc\u0103 din prima zi a r\u0103zboiului provocat de Rusia, a fost \u0219i r\u0103m\u00e2ne o decizie corect\u0103, \u00een concordan\u021b\u0103 cu valorile \u0219i interesele noastre, iar acest lucru trebuie reafirmat ferm de la toate nivelurile statului pentru a elimina orice dubiu \u00een r\u00e2ndul cet\u0103\u021benilor\u201d,<\/em> a concluzionat pre\u0219edintele.<\/p>\n<p>Este important de men\u021bionat c\u0103 acesta nu a fost singurul incident cu drone \u00een Rom\u00e2nia s\u00e2mb\u0103t\u0103. \u00cen jurul amiezii, MApN a comunicat c\u0103 au fost descoperite <a href=\"https:\/\/www.mediafax.ro\/stirile-zilei\/noi-fragmente-de-drona-au-fost-descoperite-in-tulcea-dupa-incidentul-din-galati-23726450\"><strong>noi fragmente de dron\u0103<\/strong><\/a> \u00een jude\u021bul <a href=\"https:\/\/www.mediafax.ro\/stirile-zilei\/noi-fragmente-de-drona-au-fost-descoperite-in-tulcea-dupa-incidentul-din-galati-23726450\">Tulcea<\/a>, \u00een apropierea localit\u0103\u021bii V\u0103c\u0103reni.<\/p>\n<p>Perimetrul a fost securizat de poli\u021bia de frontier\u0103, iar o echip\u0103 de speciali\u0219ti de la MApN \u0219i SRI se afl\u0103 la fa\u021ba locului pentru cercet\u0103ri \u0219i pentru ridicarea fragmentelor \u00een vederea expertiz\u0103rii.<\/p>\n","protected":false},"excerpt":{"rendered":"<p>\u201eCondamn cu t\u0103rie comportamentul iresponsabil al Rusiei. Incidentele, precum drona care a c\u0103zut asear\u0103 la Gala\u021bi, eviden\u021biaz\u0103 lipsa de respect fa\u021b\u0103 de normele de drept interna\u021bional \u0219i pun \u00een pericol siguran\u021ba cet\u0103\u021benilor Rom\u00e2niei, un stat membru NATO\u201d, a declarat Nicu\u0219or Dan, conform unui comunicat emis de Administra\u021bia Preziden\u021bial\u0103. El a subliniat c\u0103 siguran\u021ba cet\u0103\u021benilor trebuie [&hellip;]<\/p>\n","protected":false},"author":2,"featured_media":15842,"comment_status":"open","ping_status":"open","sticky":false,"template":"","format":"standard","meta":{"jnews-multi-image_gallery":[],"jnews_single_post":[],"jnews_primary_category":[],"jnews_override_counter":[],"footnotes":""},"categories":[42],"tags":[684,3776,3023,352,18245,149,681,1118],"class_list":["post-15841","post","type-post","status-publish","format-standard","has-post-thumbnail","hentry","category-politica","tag-conflict","tag-drona","tag-galati","tag-nato","tag-normele-de-drept","tag-romania","tag-rusia","tag-siguranta"],"_links":{"self":[{"href":"https:\/\/www.newsrecorder.ro\/app\/wp-json\/wp\/v2\/posts\/15841","targetHints":{"allow":["GET"]}}],"collection":[{"href":"https:\/\/www.newsrecorder.ro\/app\/wp-json\/wp\/v2\/posts"}],"about":[{"href":"https:\/\/www.newsrecorder.ro\/app\/wp-json\/wp\/v2\/types\/post"}],"author":[{"embeddable":true,"href":"https:\/\/www.newsrecorder.ro\/app\/wp-json\/wp\/v2\/users\/2"}],"replies":[{"embeddable":true,"href":"https:\/\/www.newsrecorder.ro\/app\/wp-json\/wp\/v2\/comments?post=15841"}],"version-history":[{"count":0,"href":"https:\/\/www.newsrecorder.ro\/app\/wp-json\/wp\/v2\/posts\/15841\/revisions"}],"wp:featuredmedia":[{"embeddable":true,"href":"https:\/\/www.newsrecorder.ro\/app\/wp-json\/wp\/v2\/media\/15842"}],"wp:attachment":[{"href":"https:\/\/www.newsrecorder.ro\/app\/wp-json\/wp\/v2\/media?parent=15841"}],"wp:term":[{"taxonomy":"category","embeddable":true,"href":"https:\/\/www.newsrecorder.ro\/app\/wp-json\/wp\/v2\/categories?post=15841"},{"taxonomy":"post_tag","embeddable":true,"href":"https:\/\/www.newsrecorder.ro\/app\/wp-json\/wp\/v2\/tags?post=15841"}],"curies":[{"name":"wp","href":"https:\/\/api.w.org\/{rel}","templated":true}]}}