{"id":15843,"date":"2026-04-25T16:17:51","date_gmt":"2026-04-25T16:17:51","guid":{"rendered":"https:\/\/www.newsrecorder.ro\/app\/2026\/04\/25\/diana-buzoianu-programul-rabla-asteapta-aprobarea-bugetului-afm\/"},"modified":"2026-04-25T16:17:51","modified_gmt":"2026-04-25T16:17:51","slug":"diana-buzoianu-programul-rabla-asteapta-aprobarea-bugetului-afm","status":"publish","type":"post","link":"https:\/\/www.newsrecorder.ro\/app\/2026\/04\/25\/diana-buzoianu-programul-rabla-asteapta-aprobarea-bugetului-afm\/","title":{"rendered":"Diana Buzoianu: Programul Rabla a\u0219teapt\u0103 aprobarea bugetului AFM!"},"content":{"rendered":"<p>\u201eAm trimis un draft de buget c\u0103tre Ministerul Finan\u021belor, care include scenariul pe care l-am propus, precum \u0219i un proiect pentru programul Rabla \u0219i fondurile necesare pentru un proiect dedicat bateriilor, lansat \u00een acest an. Este vorba despre solu\u021bii pentru stocarea energiei, nu despre fotovoltaice\u201d, a afirmat <a href=\"https:\/\/www.mediafax.ro\/politic\/diana-buzoianu-acuza-ca-psd-pregateste-forfota-in-institutiile-din-subordinea-ministerului-mediului-pentru-a-permanentiza-posturi-23726417\">Diana Buzoianu<\/a> \u00een cadrul unei interven\u021bii la TVR Info.<\/p>\n<p>Ministrul a subliniat c\u0103 demararea acestor programe depinde \u00een totalitate de pozi\u021bia Ministerului Finan\u021belor cu privire la fondurile disponibile.<\/p>\n<p>\u201eA\u0219tept\u0103m s\u0103 primim un punct de vedere din partea Ministerului Finan\u021belor, astfel \u00eenc\u00e2t s\u0103 putem debloca situa\u021bia \u0219i s\u0103 afl\u0103m care este suma maxim\u0103 pe care ministerul o poate aloca. Numai a\u0219a vom putea \u00eencepe aceste proiecte, care sunt esen\u021biale\u201d, a ad\u0103ugat aceasta.<\/p>\n<p>Diana Buzoianu a men\u021bionat c\u0103 \u00eent\u00e2rzierea aprob\u0103rii bugetului Administra\u021biei Fondului pentru Mediu are un impact negativ asupra proiectelor deja ini\u021biate, care au fost transferate de pe PNRR.<\/p>\n<p>\u201eSper s\u0103 nu mai dureze mult, deoarece bugetul AFM este direct legat de proiectele men\u021bionate anterior, care au fost mutate de pe PNRR. Acestea sunt \u0219antiere deschise, care nu au mai putut fi pl\u0103tite de \u0219ase sau \u0219apte luni, din cauza lipsei aprob\u0103rii bugetului AFM\u201d, a subliniat Buzoianu.<\/p>\n","protected":false},"excerpt":{"rendered":"<p>\u201eAm trimis un draft de buget c\u0103tre Ministerul Finan\u021belor, care include scenariul pe care l-am propus, precum \u0219i un proiect pentru programul Rabla \u0219i fondurile necesare pentru un proiect dedicat bateriilor, lansat \u00een acest an. Este vorba despre solu\u021bii pentru stocarea energiei, nu despre fotovoltaice\u201d, a afirmat Diana Buzoianu \u00een cadrul unei interven\u021bii la TVR [&hellip;]<\/p>\n","protected":false},"author":2,"featured_media":15844,"comment_status":"open","ping_status":"open","sticky":false,"template":"","format":"standard","meta":{"jnews-multi-image_gallery":[],"jnews_single_post":[],"jnews_primary_category":[],"jnews_override_counter":[],"footnotes":""},"categories":[42],"tags":[3663,1068,3172,2731,4669,18246,18248,18247],"class_list":["post-15843","post","type-post","status-publish","format-standard","has-post-thumbnail","hentry","category-politica","tag-aprobat","tag-buget","tag-diana-buzoianu","tag-fonduri","tag-ministerul-finantelor","tag-programul-rabla","tag-proiecte-de-mediu","tag-stocarea-energiei"],"_links":{"self":[{"href":"https:\/\/www.newsrecorder.ro\/app\/wp-json\/wp\/v2\/posts\/15843","targetHints":{"allow":["GET"]}}],"collection":[{"href":"https:\/\/www.newsrecorder.ro\/app\/wp-json\/wp\/v2\/posts"}],"about":[{"href":"https:\/\/www.newsrecorder.ro\/app\/wp-json\/wp\/v2\/types\/post"}],"author":[{"embeddable":true,"href":"https:\/\/www.newsrecorder.ro\/app\/wp-json\/wp\/v2\/users\/2"}],"replies":[{"embeddable":true,"href":"https:\/\/www.newsrecorder.ro\/app\/wp-json\/wp\/v2\/comments?post=15843"}],"version-history":[{"count":0,"href":"https:\/\/www.newsrecorder.ro\/app\/wp-json\/wp\/v2\/posts\/15843\/revisions"}],"wp:featuredmedia":[{"embeddable":true,"href":"https:\/\/www.newsrecorder.ro\/app\/wp-json\/wp\/v2\/media\/15844"}],"wp:attachment":[{"href":"https:\/\/www.newsrecorder.ro\/app\/wp-json\/wp\/v2\/media?parent=15843"}],"wp:term":[{"taxonomy":"category","embeddable":true,"href":"https:\/\/www.newsrecorder.ro\/app\/wp-json\/wp\/v2\/categories?post=15843"},{"taxonomy":"post_tag","embeddable":true,"href":"https:\/\/www.newsrecorder.ro\/app\/wp-json\/wp\/v2\/tags?post=15843"}],"curies":[{"name":"wp","href":"https:\/\/api.w.org\/{rel}","templated":true}]}}