{"id":15855,"date":"2026-04-25T19:31:25","date_gmt":"2026-04-25T19:31:25","guid":{"rendered":"https:\/\/www.newsrecorder.ro\/app\/2026\/04\/25\/ekitike-a-avut-o-operatie-reusita-dar-recuperarea-va-dura\/"},"modified":"2026-04-25T19:31:25","modified_gmt":"2026-04-25T19:31:25","slug":"ekitike-a-avut-o-operatie-reusita-dar-recuperarea-va-dura","status":"publish","type":"post","link":"https:\/\/www.newsrecorder.ro\/app\/2026\/04\/25\/ekitike-a-avut-o-operatie-reusita-dar-recuperarea-va-dura\/","title":{"rendered":"Ekitike a avut o opera\u021bie reu\u0219it\u0103, dar recuperarea va dura!"},"content":{"rendered":"<p>\u201eOpera\u021bia a decurs bine \u0219i reprezint\u0103 un prim pas important. Totu\u0219i, \u00een cadrul unui proces de recuperare at\u00e2t de \u00eendelungat, exist\u0103 numeroase etape de parcurs \u00eenainte s\u0103 putem determina exact durata recuper\u0103rii. Anticip\u0103m o perioad\u0103 lung\u0103\u201d, a declarat antrenorul Slot referitor la starea t\u00e2n\u0103rului atacant Hugo Ekitike.<\/p>\n<p>Din p\u0103cate, accidentarea suferit\u0103 de Ekitike \u00eel va exclude din competi\u021bie pentru tot restul sezonului, priv\u00e2ndu-l astfel \u0219i de \u0219ansa de a participa la Cupa Mondial\u0103 din aceast\u0103 var\u0103, al\u0103turi de na\u021bionala Fran\u021bei.<\/p>\n<p>Slot a subliniat c\u0103 particularit\u0103\u021bile jocului lui Ekitike ar putea \u00eengreuna procesul de revenire. \u201eEste un juc\u0103tor foarte exploziv, iar o astfel de accidentare nu este deloc favorabil\u0103. Totu\u0219i, sper\u0103m s\u0103 fie o excep\u021bie\u201d, a ad\u0103ugat antrenorul.<\/p>\n<p>Atacantul a suferit o ruptur\u0103 a tendonului lui Ahile \u00een timpul celei de-a doua man\u0219e din sferturile de final\u0103 ale Ligii Campionilor, confrunt\u00e2ndu-se cu echipa Paris Saint-Germain pe terenul de la Anfield, la \u00eenceputul acestei luni.<\/p>\n","protected":false},"excerpt":{"rendered":"<p>\u201eOpera\u021bia a decurs bine \u0219i reprezint\u0103 un prim pas important. Totu\u0219i, \u00een cadrul unui proces de recuperare at\u00e2t de \u00eendelungat, exist\u0103 numeroase etape de parcurs \u00eenainte s\u0103 putem determina exact durata recuper\u0103rii. Anticip\u0103m o perioad\u0103 lung\u0103\u201d, a declarat antrenorul Slot referitor la starea t\u00e2n\u0103rului atacant Hugo Ekitike. Din p\u0103cate, accidentarea suferit\u0103 de Ekitike \u00eel va [&hellip;]<\/p>\n","protected":false},"author":6,"featured_media":15856,"comment_status":"open","ping_status":"open","sticky":false,"template":"","format":"standard","meta":{"jnews-multi-image_gallery":[],"jnews_single_post":[],"jnews_primary_category":[],"jnews_override_counter":[],"footnotes":""},"categories":[46],"tags":[75,18260,2555,18259,16604,7544,585,16605],"class_list":["post-15855","post","type-post","status-publish","format-standard","has-post-thumbnail","hentry","category-sport","tag-accidentare","tag-antrenor-slot","tag-cupa-mondiala","tag-ectiune-medicala","tag-hugo-ekitike","tag-ligii-campionilor","tag-recuperare","tag-tendon-ahile"],"_links":{"self":[{"href":"https:\/\/www.newsrecorder.ro\/app\/wp-json\/wp\/v2\/posts\/15855","targetHints":{"allow":["GET"]}}],"collection":[{"href":"https:\/\/www.newsrecorder.ro\/app\/wp-json\/wp\/v2\/posts"}],"about":[{"href":"https:\/\/www.newsrecorder.ro\/app\/wp-json\/wp\/v2\/types\/post"}],"author":[{"embeddable":true,"href":"https:\/\/www.newsrecorder.ro\/app\/wp-json\/wp\/v2\/users\/6"}],"replies":[{"embeddable":true,"href":"https:\/\/www.newsrecorder.ro\/app\/wp-json\/wp\/v2\/comments?post=15855"}],"version-history":[{"count":0,"href":"https:\/\/www.newsrecorder.ro\/app\/wp-json\/wp\/v2\/posts\/15855\/revisions"}],"wp:featuredmedia":[{"embeddable":true,"href":"https:\/\/www.newsrecorder.ro\/app\/wp-json\/wp\/v2\/media\/15856"}],"wp:attachment":[{"href":"https:\/\/www.newsrecorder.ro\/app\/wp-json\/wp\/v2\/media?parent=15855"}],"wp:term":[{"taxonomy":"category","embeddable":true,"href":"https:\/\/www.newsrecorder.ro\/app\/wp-json\/wp\/v2\/categories?post=15855"},{"taxonomy":"post_tag","embeddable":true,"href":"https:\/\/www.newsrecorder.ro\/app\/wp-json\/wp\/v2\/tags?post=15855"}],"curies":[{"name":"wp","href":"https:\/\/api.w.org\/{rel}","templated":true}]}}