{"id":15859,"date":"2026-04-25T19:31:49","date_gmt":"2026-04-25T19:31:49","guid":{"rendered":"https:\/\/www.newsrecorder.ro\/app\/2026\/04\/25\/mai-promite-vreme-calda-primavara-ajunge-si-in-termometre\/"},"modified":"2026-04-25T19:31:49","modified_gmt":"2026-04-25T19:31:49","slug":"mai-promite-vreme-calda-primavara-ajunge-si-in-termometre","status":"publish","type":"post","link":"https:\/\/www.newsrecorder.ro\/app\/2026\/04\/25\/mai-promite-vreme-calda-primavara-ajunge-si-in-termometre\/","title":{"rendered":"Mai promite vreme cald\u0103: Prim\u0103vara ajunge \u0219i \u00een termometre!"},"content":{"rendered":"<p><strong>Perioada 25 aprilie &#8211; 4 mai<\/strong>: \u00cen aceast\u0103 s\u0103pt\u0103m\u00e2n\u0103, se preconizeaz\u0103 c\u0103 temperaturile vor fi semnificativ sub nivelul obi\u0219nuit pentru aceast\u0103 perioad\u0103 a anului, afect\u00e2nd \u00eentreaga \u021bar\u0103. \u00cen ceea ce prive\u0219te precipita\u021biile, se va observa un regim pluviometric excedentar \u00een regiunile sudice, estice \u0219i centrale, \u00een timp ce \u00een restul teritoriului, valorile se vor men\u021bine \u00een limite normale.<\/p>\n<p><strong>Perioada 4 &#8211; 11 mai<\/strong>: Temperatura aerului va reveni, \u00een general, la valori apropiate de cele normale pentru aceast\u0103 s\u0103pt\u0103m\u00e2n\u0103, \u00een majoritatea regiunilor din \u021bar\u0103. Totu\u0219i, regimul pluviometric va fi u\u0219or deficitar \u00een regiunile sud-vestice, \u00een timp ce \u00een celelalte zone precipita\u021biile se vor men\u021bine \u00een limite normale.<\/p>\n<p><strong>Perioada 11 &#8211; 18 mai<\/strong>: \u00cen aceast\u0103 s\u0103pt\u0103m\u00e2n\u0103, regimul termic va fi \u00een conformitate cu normele sezoniere, \u00een \u00eentreaga \u021bar\u0103. Cantit\u0103\u021bile de precipita\u021bii vor fi, de asemenea, \u00een general apropiate de valorile normale pentru acest interval, \u00een majoritatea regiunilor.<\/p>\n<p><strong>Perioada 18 &#8211; 25 mai<\/strong>: Mediile temperaturilor vor fi conforme cu standardele climatologice pentru aceast\u0103 perioad\u0103, \u00een toate col\u021burile \u021b\u0103rii. Regimul pluviometric va prezenta un excedent u\u0219or \u00een regiunile estice \u0219i sudice, \u00een timp ce regiunile vestice vor avea o u\u0219oar\u0103 deficien\u021b\u0103, iar restul teritoriului va r\u0103m\u00e2ne \u00een limitele normale ale intervalului.<\/p>\n","protected":false},"excerpt":{"rendered":"<p>Perioada 25 aprilie &#8211; 4 mai: \u00cen aceast\u0103 s\u0103pt\u0103m\u00e2n\u0103, se preconizeaz\u0103 c\u0103 temperaturile vor fi semnificativ sub nivelul obi\u0219nuit pentru aceast\u0103 perioad\u0103 a anului, afect\u00e2nd \u00eentreaga \u021bar\u0103. \u00cen ceea ce prive\u0219te precipita\u021biile, se va observa un regim pluviometric excedentar \u00een regiunile sudice, estice \u0219i centrale, \u00een timp ce \u00een restul teritoriului, valorile se vor men\u021bine [&hellip;]<\/p>\n","protected":false},"author":5,"featured_media":15860,"comment_status":"open","ping_status":"open","sticky":false,"template":"","format":"standard","meta":{"jnews-multi-image_gallery":[],"jnews_single_post":[],"jnews_primary_category":[],"jnews_override_counter":[],"footnotes":""},"categories":[45],"tags":[18261,135,18098,149,18263,18262,126,125],"class_list":["post-15859","post","type-post","status-publish","format-standard","has-post-thumbnail","hentry","category-meteo","tag-perioada","tag-precipitatii","tag-regim-pluviometric","tag-romania","tag-sezoniere","tag-sudice","tag-temperaturi","tag-vreme"],"_links":{"self":[{"href":"https:\/\/www.newsrecorder.ro\/app\/wp-json\/wp\/v2\/posts\/15859","targetHints":{"allow":["GET"]}}],"collection":[{"href":"https:\/\/www.newsrecorder.ro\/app\/wp-json\/wp\/v2\/posts"}],"about":[{"href":"https:\/\/www.newsrecorder.ro\/app\/wp-json\/wp\/v2\/types\/post"}],"author":[{"embeddable":true,"href":"https:\/\/www.newsrecorder.ro\/app\/wp-json\/wp\/v2\/users\/5"}],"replies":[{"embeddable":true,"href":"https:\/\/www.newsrecorder.ro\/app\/wp-json\/wp\/v2\/comments?post=15859"}],"version-history":[{"count":0,"href":"https:\/\/www.newsrecorder.ro\/app\/wp-json\/wp\/v2\/posts\/15859\/revisions"}],"wp:featuredmedia":[{"embeddable":true,"href":"https:\/\/www.newsrecorder.ro\/app\/wp-json\/wp\/v2\/media\/15860"}],"wp:attachment":[{"href":"https:\/\/www.newsrecorder.ro\/app\/wp-json\/wp\/v2\/media?parent=15859"}],"wp:term":[{"taxonomy":"category","embeddable":true,"href":"https:\/\/www.newsrecorder.ro\/app\/wp-json\/wp\/v2\/categories?post=15859"},{"taxonomy":"post_tag","embeddable":true,"href":"https:\/\/www.newsrecorder.ro\/app\/wp-json\/wp\/v2\/tags?post=15859"}],"curies":[{"name":"wp","href":"https:\/\/api.w.org\/{rel}","templated":true}]}}