{"id":15871,"date":"2026-04-25T19:33:38","date_gmt":"2026-04-25T19:33:38","guid":{"rendered":"https:\/\/www.newsrecorder.ro\/app\/2026\/04\/25\/alerta-meteo-trei-zile-de-vreme-extrema-in-romania-2\/"},"modified":"2026-04-25T19:33:38","modified_gmt":"2026-04-25T19:33:38","slug":"alerta-meteo-trei-zile-de-vreme-extrema-in-romania-2","status":"publish","type":"post","link":"https:\/\/www.newsrecorder.ro\/app\/2026\/04\/25\/alerta-meteo-trei-zile-de-vreme-extrema-in-romania-2\/","title":{"rendered":"Alert\u0103 meteo: Trei zile de vreme extrem\u0103 \u00een Rom\u00e2nia!"},"content":{"rendered":"<p class=\"font-claude-response-body break-words whitespace-normal leading-[1.7]\"><a href=\"https:\/\/www.meteoromania.ro\/\" target=\"_blank\" rel=\"noopener\">Administra\u021bia Na\u021bional\u0103 de Meteorologie<\/a> anun\u021b\u0103 o deteriorare a vremii \u00eencep\u00e2nd de luni. Avertizarea meteorologic\u0103 este valabil\u0103 \u00eentre 20 aprilie, ora 10:00 \u0219i 23 aprilie, ora 10:00.<\/p>\n<p class=\"font-claude-response-body break-words whitespace-normal leading-[1.7]\">\u00cen prima parte a s\u0103pt\u0103m\u00e2nii, ploile \u0219i aversele se vor extinde \u00een majoritatea regiunilor \u021b\u0103rii. Luni, inclusiv \u00een noaptea de luni spre mar\u021bi, <a href=\"https:\/\/www.mediafax.ro\/meteo\/vreme-schimbatoare-saptamana-viitoare-racire-accentuata-si-ploi-in-mai-multe-regiuni-temperaturile-vor-creste-spre-finalul-perioadei-23722454\">precipita\u021biile<\/a> vor afecta cu prec\u0103dere zonele din Maramure\u0219, nordul Cri\u0219anei, Transilvania \u0219i Moldova. \u00cen zilele de mar\u021bi \u0219i miercuri, ploile se vor extinde \u0219i \u00een regiunile sudice \u0219i centrale.<\/p>\n<p class=\"font-claude-response-body break-words whitespace-normal leading-[1.7]\">Aversele vor fi \u00eenso\u021bite local de desc\u0103rc\u0103ri electrice, iar cantit\u0103\u021bile de ap\u0103 vor varia \u00eentre 15 \u0219i 20 l\/mp, cu posibile dep\u0103\u0219iri de 25-35 l\/mp \u00een anumite zone. Exist\u0103 chiar \u0219i riscul de grindin\u0103 \u00een zone izolate.<\/p>\n<p class=\"font-claude-response-body break-words whitespace-normal leading-[1.7]\">La altitudini mai mari de 1.400 m, ninsorile vor deveni predominante, iar un strat de z\u0103pad\u0103 se va depune. Precipita\u021bii mixte, compuse din ploaie, lapovi\u021b\u0103 \u0219i ninsoare, se vor semnala \u00een dealurile subcarpatice ale Moldovei \u0219i \u00een estul \u0219i sud-estul Transilvaniei.<\/p>\n<p class=\"font-claude-response-body break-words whitespace-normal leading-[1.7]\">De asemenea, meteorologii au emis o avertizare cod galben de v\u00e2nt, valabil\u0103 luni, \u00eentre orele 12:00 \u0219i 22:00, afect\u00e2nd regiunile Dobrogea, vestul \u0219i sudul Olteniei, precum \u0219i vestul \u0219i sudul Transilvaniei.<\/p>\n<p class=\"font-claude-response-body break-words whitespace-normal leading-[1.7]\">V\u00e2ntul va atinge viteze de 50-65 km\/h \u00een zonele de c\u00e2mpie \u0219i deal, \u00een timp ce \u00een Mun\u021bii Apuseni, Carpa\u021bii Meridionali \u0219i Carpa\u021bii de Curbur\u0103, rafalele vor ajunge la 70-80 km\/h. Pe crestele \u00eenalte, v\u00e2ntul poate atinge temporar valori de 90-100 km\/h.<\/p>\n<p class=\"font-claude-response-body break-words whitespace-normal leading-[1.7]\">O a doua avertizare cod galben, referitoare la ninsori la munte, va fi \u00een vigoare de luni seara, ora 21:00, p\u00e2n\u0103 miercuri, ora 21:00, viz\u00e2nd zonele montane la altitudini de peste 1.400 m.<\/p>\n<p class=\"font-claude-response-body break-words whitespace-normal leading-[1.7]\">Se estimeaz\u0103 c\u0103 ninsorile vor \u00eencepe \u00een Carpa\u021bii Orientali \u00een seara zilei de luni, iar mar\u021bi \u0219i miercuri, acestea se vor extinde pe \u00eentreaga zon\u0103 montan\u0103 \u00eenalt\u0103. Stratul de z\u0103pad\u0103 va atinge 10-15 cm, iar \u00een Carpa\u021bii Meridionali, acesta poate dep\u0103\u0219i 20-25 cm.<\/p>\n<p class=\"font-claude-response-body break-words whitespace-normal leading-[1.7]\">\u00cen ceea ce prive\u0219te temperaturile, mar\u021bi \u0219i miercuri se a\u0219teapt\u0103 o r\u0103cire accentuat\u0103 fa\u021b\u0103 de normalul perioadei. Nop\u021bile vor fi mai reci, cu brum\u0103 \u00een anumite zone, \u00een special \u00een jum\u0103tatea de nord a \u021b\u0103rii \u0219i \u00een depresiuni.<\/p>\n","protected":false},"excerpt":{"rendered":"<p>Administra\u021bia Na\u021bional\u0103 de Meteorologie anun\u021b\u0103 o deteriorare a vremii \u00eencep\u00e2nd de luni. Avertizarea meteorologic\u0103 este valabil\u0103 \u00eentre 20 aprilie, ora 10:00 \u0219i 23 aprilie, ora 10:00. \u00cen prima parte a s\u0103pt\u0103m\u00e2nii, ploile \u0219i aversele se vor extinde \u00een majoritatea regiunilor \u021b\u0103rii. Luni, inclusiv \u00een noaptea de luni spre mar\u021bi, precipita\u021biile vor afecta cu prec\u0103dere zonele [&hellip;]<\/p>\n","protected":false},"author":5,"featured_media":15872,"comment_status":"open","ping_status":"open","sticky":false,"template":"","format":"standard","meta":{"jnews-multi-image_gallery":[],"jnews_single_post":[],"jnews_primary_category":[],"jnews_override_counter":[],"footnotes":""},"categories":[45],"tags":[6235,1563,14311,2516,127,12471,195,125],"class_list":["post-15871","post","type-post","status-publish","format-standard","has-post-thumbnail","hentry","category-meteo","tag-averse","tag-avertizare-meteorologica","tag-descarcari-electrice","tag-grindina","tag-ninsori","tag-ploi","tag-precipitatii-mixte","tag-vreme"],"_links":{"self":[{"href":"https:\/\/www.newsrecorder.ro\/app\/wp-json\/wp\/v2\/posts\/15871","targetHints":{"allow":["GET"]}}],"collection":[{"href":"https:\/\/www.newsrecorder.ro\/app\/wp-json\/wp\/v2\/posts"}],"about":[{"href":"https:\/\/www.newsrecorder.ro\/app\/wp-json\/wp\/v2\/types\/post"}],"author":[{"embeddable":true,"href":"https:\/\/www.newsrecorder.ro\/app\/wp-json\/wp\/v2\/users\/5"}],"replies":[{"embeddable":true,"href":"https:\/\/www.newsrecorder.ro\/app\/wp-json\/wp\/v2\/comments?post=15871"}],"version-history":[{"count":0,"href":"https:\/\/www.newsrecorder.ro\/app\/wp-json\/wp\/v2\/posts\/15871\/revisions"}],"wp:featuredmedia":[{"embeddable":true,"href":"https:\/\/www.newsrecorder.ro\/app\/wp-json\/wp\/v2\/media\/15872"}],"wp:attachment":[{"href":"https:\/\/www.newsrecorder.ro\/app\/wp-json\/wp\/v2\/media?parent=15871"}],"wp:term":[{"taxonomy":"category","embeddable":true,"href":"https:\/\/www.newsrecorder.ro\/app\/wp-json\/wp\/v2\/categories?post=15871"},{"taxonomy":"post_tag","embeddable":true,"href":"https:\/\/www.newsrecorder.ro\/app\/wp-json\/wp\/v2\/tags?post=15871"}],"curies":[{"name":"wp","href":"https:\/\/api.w.org\/{rel}","templated":true}]}}