{"id":15891,"date":"2026-04-25T19:40:41","date_gmt":"2026-04-25T19:40:41","guid":{"rendered":"https:\/\/www.newsrecorder.ro\/app\/2026\/04\/25\/tudor-gheorghe-sparge-tacerea-sunt-bine\/"},"modified":"2026-04-25T19:40:41","modified_gmt":"2026-04-25T19:40:41","slug":"tudor-gheorghe-sparge-tacerea-sunt-bine","status":"publish","type":"post","link":"https:\/\/www.newsrecorder.ro\/app\/2026\/04\/25\/tudor-gheorghe-sparge-tacerea-sunt-bine\/","title":{"rendered":"Tudor Gheorghe sparge t\u0103cerea: \u201eSunt bine!\u201d"},"content":{"rendered":"<p>\u00cen seara zilei de joi, artistul Tudor Gheorghe a fost implicat \u00eentr-un incident nefericit, c\u0103z\u00e2nd \u00een baia unui hotel din Ia\u0219i. Accidentul a avut loc \u00een timp ce se afla \u00een ora\u0219 pentru un concert.<\/p>\n<p>Conform informa\u021biilor furnizate de poli\u021bia ie\u0219ean\u0103, artistul a fost transportat de urgen\u021b\u0103 la Spitalul Clinic de Urgen\u021b\u0103 \u201eProf. dr. N. Oblu\u201d, o unitate bine cunoscut\u0103 pentru specializarea sa \u00een neurochirurgie. Vineri diminea\u021ba, surse medicale au confirmat pentru <a href=\"https:\/\/www.mediafax.ro\/cultura-media\/tudor-gheorghe-dus-de-urgenta-la-spital-dupa-ce-a-cazut-in-baia-unui-hotel-23725675\">Mediafax<\/a> c\u0103 starea lui Tudor Gheorghe nu era grav\u0103, ceea ce a adus un strop de lini\u0219te fanilor s\u0103i \u00eengrijora\u021bi.<\/p>\n<p>\u00cen contextul acestui incident, Poli\u021bia din Ia\u0219i a demarat o anchet\u0103 pentru a clarifica circumstan\u021bele \u00een care a avut loc c\u0103derea artistului.<\/p>\n<p>\u00centr-o interven\u021bie video postat\u0103 vineri, Tudor Gheorghe a dorit s\u0103 lini\u0219teasc\u0103 publicul, afirm\u00e2nd c\u0103 se simte bine \u0219i c\u0103 nu se afl\u0103 \u00een pericol. El a dezmin\u021bit informa\u021biile ap\u0103rute \u00een pres\u0103, care sugerau c\u0103 starea sa de s\u0103n\u0103tate ar fi fost grav\u0103 sau c\u0103 ar fi suferit un accident vascular cerebral.<\/p>\n<p>Artistul a sus\u021binut, cu c\u00e2teva zile \u00eenainte de incident, un concert la Teatrul Na\u021bional \u201eVasile Alecsandri\u201d din Ia\u0219i, iar s\u00e2mb\u0103t\u0103 era programat s\u0103 performeze la Bac\u0103u, demonstr\u00e2nd astfel c\u0103, \u00een ciuda accidentului, activitatea sa artistic\u0103 continu\u0103.<\/p>\n","protected":false},"excerpt":{"rendered":"<p>\u00cen seara zilei de joi, artistul Tudor Gheorghe a fost implicat \u00eentr-un incident nefericit, c\u0103z\u00e2nd \u00een baia unui hotel din Ia\u0219i. Accidentul a avut loc \u00een timp ce se afla \u00een ora\u0219 pentru un concert. Conform informa\u021biilor furnizate de poli\u021bia ie\u0219ean\u0103, artistul a fost transportat de urgen\u021b\u0103 la Spitalul Clinic de Urgen\u021b\u0103 \u201eProf. dr. N. [&hellip;]<\/p>\n","protected":false},"author":7,"featured_media":15892,"comment_status":"open","ping_status":"open","sticky":false,"template":"","format":"standard","meta":{"jnews-multi-image_gallery":[],"jnews_single_post":[],"jnews_primary_category":[],"jnews_override_counter":[],"footnotes":""},"categories":[43],"tags":[955,817,586,1947,18034,505,1855,18033],"class_list":["post-15891","post","type-post","status-publish","format-standard","has-post-thumbnail","hentry","category-cultura","tag-accident","tag-ancheta","tag-concert","tag-iasi","tag-neurochirurgie","tag-politie","tag-spital","tag-tudor-gheorghe"],"_links":{"self":[{"href":"https:\/\/www.newsrecorder.ro\/app\/wp-json\/wp\/v2\/posts\/15891","targetHints":{"allow":["GET"]}}],"collection":[{"href":"https:\/\/www.newsrecorder.ro\/app\/wp-json\/wp\/v2\/posts"}],"about":[{"href":"https:\/\/www.newsrecorder.ro\/app\/wp-json\/wp\/v2\/types\/post"}],"author":[{"embeddable":true,"href":"https:\/\/www.newsrecorder.ro\/app\/wp-json\/wp\/v2\/users\/7"}],"replies":[{"embeddable":true,"href":"https:\/\/www.newsrecorder.ro\/app\/wp-json\/wp\/v2\/comments?post=15891"}],"version-history":[{"count":0,"href":"https:\/\/www.newsrecorder.ro\/app\/wp-json\/wp\/v2\/posts\/15891\/revisions"}],"wp:featuredmedia":[{"embeddable":true,"href":"https:\/\/www.newsrecorder.ro\/app\/wp-json\/wp\/v2\/media\/15892"}],"wp:attachment":[{"href":"https:\/\/www.newsrecorder.ro\/app\/wp-json\/wp\/v2\/media?parent=15891"}],"wp:term":[{"taxonomy":"category","embeddable":true,"href":"https:\/\/www.newsrecorder.ro\/app\/wp-json\/wp\/v2\/categories?post=15891"},{"taxonomy":"post_tag","embeddable":true,"href":"https:\/\/www.newsrecorder.ro\/app\/wp-json\/wp\/v2\/tags?post=15891"}],"curies":[{"name":"wp","href":"https:\/\/api.w.org\/{rel}","templated":true}]}}