{"id":1591,"date":"2026-02-04T11:07:52","date_gmt":"2026-02-04T11:07:52","guid":{"rendered":"https:\/\/www.newsrecorder.ro\/app\/2026\/02\/04\/dalai-lama-castiga-grammy-pentru-cartea-sa-audio-descopera-detalii\/"},"modified":"2026-02-04T11:07:52","modified_gmt":"2026-02-04T11:07:52","slug":"dalai-lama-castiga-grammy-pentru-cartea-sa-audio-descopera-detalii","status":"publish","type":"post","link":"https:\/\/www.newsrecorder.ro\/app\/2026\/02\/04\/dalai-lama-castiga-grammy-pentru-cartea-sa-audio-descopera-detalii\/","title":{"rendered":"Dalai Lama c\u00e2\u0219tig\u0103 Grammy pentru cartea sa audio! Descoper\u0103 detalii!"},"content":{"rendered":"<p>Dalai Lama, liderul spiritual al comunit\u0103\u021bii tibetane, a exprimat luni recuno\u0219tin\u021ba sa profund\u0103 dup\u0103 ce a fost onorat cu primul s\u0103u premiu Grammy, \u00een cadrul unei ceremonii desf\u0103\u0219urate la Los Angeles. Premiul a fost acordat pentru cartea sa audio, intitulat\u0103 \u201eMedita\u021bii: Reflec\u021bii ale Sanctit\u0103\u021bii Sale Dalai Lama\u201d, \u0219i a fost anun\u021bat de <a href=\"https:\/\/www.lefigaro.fr\/musique\/grammy-awards-le-dalai-lama-exprime-sa-reconnaissance-apres-avoir-ete-recompense-pour-son-livre-audio-20260202\" target=\"_blank\" rel=\"noopener\">Le Figaro<\/a>.<\/p>\n<p>La venerabila v\u00e2rst\u0103 de 90 de ani, Dalai Lama, laureat al Premiului Nobel pentru Pace, tr\u0103ie\u0219te \u00een exil \u00een India, fiind recunoscut global ca un simbol al libert\u0103\u021bii tibetane. \u00cen contrast, autorit\u0103\u021bile chineze l-au declarat inamic. Ceremonia de decernare a premiilor Grammy a avut loc duminica trecut\u0103, iar distinc\u021bia primit\u0103 de Dalai Lama este o recunoa\u0219tere a contribu\u021biei sale la spiritualitate \u0219i umanitate.<\/p>\n<p>\u201eAccept aceast\u0103 distinc\u021bie cu recuno\u0219tin\u021b\u0103 \u0219i umilin\u021b\u0103\u201d, a declarat Dalai Lama \u00eentr-un mesaj publicat pe re\u021belele sociale. El a subliniat c\u0103 premiul nu reprezint\u0103 o onoare personal\u0103, ci mai degrab\u0103 o recunoa\u0219tere a responsabilit\u0103\u021bii colective a umanit\u0103\u021bii. \u201eCred cu t\u0103rie c\u0103 pacea, compasiunea, grija fa\u021b\u0103 de mediu \u0219i \u00een\u021belegerea unit\u0103\u021bii omenirii sunt esen\u021biale pentru bun\u0103starea tuturor celor opt miliarde de oameni\u201d, a ad\u0103ugat el, reflect\u00e2nd asupra valorilor universale pe care le promoveaz\u0103.<\/p>\n<p>Cartea audio men\u021bionat\u0103 este disponibil\u0103 pe diverse platforme muzicale \u0219i a fost realizat\u0103 cu ajutorul c\u00e2nt\u0103re\u021bei pop feministe Maggie Rogers \u0219i al compozitorului american Rufus Wainwright, care au acceptat premiul \u00een numele lui Dalai Lama. Anul trecut, fostul pre\u0219edinte american Jimmy Carter a c\u00e2\u0219tigat postum un premiu Grammy pentru versiunea audio a unei colec\u021bii de discursuri, iar pre\u0219edin\u021bii Barack Obama \u0219i Bill Clinton au ob\u021binut fiecare c\u00e2te dou\u0103 premii \u00een aceea\u0219i categorie.<\/p>\n<p>La doar 23 de ani, Dalai Lama a fugit din Lhasa, capitala Tibetului, din cauza temerilor pentru via\u021ba sa, dup\u0103 ce trupele chineze au reprimat o revolu\u021bie \u00een 1959. De atunci, nu s-a mai \u00eentors \u00een \u021bara sa natal\u0103. De\u0219i afirm\u0103 c\u0103 mai are mul\u021bi ani de tr\u0103it, comunitatea tibetan\u0103 se preg\u0103te\u0219te pentru un viitor inevitabil f\u0103r\u0103 el.<\/p>\n<p>Considerat a fi a 14-a re\u00eencarnare a unui maestru ales de c\u0103lug\u0103ri \u00een anul 1391, Dalai Lama a renun\u021bat, \u00een 2011, la toate func\u021biile politice, pred\u00e2nd puterea unui guvern ales. Anul trecut, el a discutat despre sf\u00e2r\u0219itul domniei sale, care a \u00eenceput \u00een 1937, \u0219i a confirmat c\u0103 succesorul s\u0103u va fi ales conform tradi\u021biei la momentul decesului s\u0103u, \u00een ciuda dorin\u021belor autorit\u0103\u021bilor de la Beijing, care doresc s\u0103 impun\u0103 propriul candidat.<\/p>\n","protected":false},"excerpt":{"rendered":"<p>Dalai Lama, liderul spiritual al comunit\u0103\u021bii tibetane, a exprimat luni recuno\u0219tin\u021ba sa profund\u0103 dup\u0103 ce a fost onorat cu primul s\u0103u premiu Grammy, \u00een cadrul unei ceremonii desf\u0103\u0219urate la Los Angeles. Premiul a fost acordat pentru cartea sa audio, intitulat\u0103 \u201eMedita\u021bii: Reflec\u021bii ale Sanctit\u0103\u021bii Sale Dalai Lama\u201d, \u0219i a fost anun\u021bat de Le Figaro. La [&hellip;]<\/p>\n","protected":false},"author":7,"featured_media":1592,"comment_status":"open","ping_status":"open","sticky":false,"template":"","format":"standard","meta":{"jnews-multi-image_gallery":[],"jnews_single_post":[],"jnews_primary_category":[],"jnews_override_counter":[],"footnotes":""},"categories":[43],"tags":[2351,2355,2354,2356,2352,180,2353,2812],"class_list":["post-1591","post","type-post","status-publish","format-standard","has-post-thumbnail","hentry","category-cultura","tag-dalai-lama","tag-exil","tag-libertate","tag-meditatii","tag-premiu-grammy","tag-spiritualitate","tag-tibet","tag-umanitate"],"_links":{"self":[{"href":"https:\/\/www.newsrecorder.ro\/app\/wp-json\/wp\/v2\/posts\/1591","targetHints":{"allow":["GET"]}}],"collection":[{"href":"https:\/\/www.newsrecorder.ro\/app\/wp-json\/wp\/v2\/posts"}],"about":[{"href":"https:\/\/www.newsrecorder.ro\/app\/wp-json\/wp\/v2\/types\/post"}],"author":[{"embeddable":true,"href":"https:\/\/www.newsrecorder.ro\/app\/wp-json\/wp\/v2\/users\/7"}],"replies":[{"embeddable":true,"href":"https:\/\/www.newsrecorder.ro\/app\/wp-json\/wp\/v2\/comments?post=1591"}],"version-history":[{"count":0,"href":"https:\/\/www.newsrecorder.ro\/app\/wp-json\/wp\/v2\/posts\/1591\/revisions"}],"wp:featuredmedia":[{"embeddable":true,"href":"https:\/\/www.newsrecorder.ro\/app\/wp-json\/wp\/v2\/media\/1592"}],"wp:attachment":[{"href":"https:\/\/www.newsrecorder.ro\/app\/wp-json\/wp\/v2\/media?parent=1591"}],"wp:term":[{"taxonomy":"category","embeddable":true,"href":"https:\/\/www.newsrecorder.ro\/app\/wp-json\/wp\/v2\/categories?post=1591"},{"taxonomy":"post_tag","embeddable":true,"href":"https:\/\/www.newsrecorder.ro\/app\/wp-json\/wp\/v2\/tags?post=1591"}],"curies":[{"name":"wp","href":"https:\/\/api.w.org\/{rel}","templated":true}]}}