{"id":15925,"date":"2026-04-25T21:59:03","date_gmt":"2026-04-25T21:59:03","guid":{"rendered":"https:\/\/www.newsrecorder.ro\/app\/2026\/04\/25\/varsovia-in-strada-lgbt-cere-legalizarea-casatoriilor-intre-same-sex\/"},"modified":"2026-04-25T21:59:03","modified_gmt":"2026-04-25T21:59:03","slug":"varsovia-in-strada-lgbt-cere-legalizarea-casatoriilor-intre-same-sex","status":"publish","type":"post","link":"https:\/\/www.newsrecorder.ro\/app\/2026\/04\/25\/varsovia-in-strada-lgbt-cere-legalizarea-casatoriilor-intre-same-sex\/","title":{"rendered":"Var\u0219ovia \u00een strad\u0103: LGBT cere legalizarea c\u0103s\u0103toriilor \u00eentre same-sex!"},"content":{"rendered":"<p>S\u00e2mb\u0103t\u0103, \u00een Var\u0219ovia, c\u00e2teva sute de persoane s-au adunat pentru a protesta, solicit\u00e2nd guvernului polonez s\u0103 respecte deciziile instan\u021belor care oblig\u0103 statul s\u0103 recunoasc\u0103, \u00een scopuri administrative, c\u0103s\u0103toriile \u00eentre persoane de acela\u0219i sex efectuate \u00een alte state membre ale Uniunii Europene. Conform <a href=\"https:\/\/tvpworld.com\/92911197\/lgbt-groups-rally-for-poland-to-recognize-same-sex-marriages\">tvpworld.com<\/a>, manifesta\u021bia a fost organizat\u0103 de diverse <a href=\"https:\/\/www.mediafax.ro\/externe\/curtea-de-justitie-a-ue-declara-ilegala-legea-anti-lgbtq-din-ungaria-23723579\">organiza\u021bii LGBT<\/a> \u0219i condus\u0103 de activistul Bart Staszewski, care a acuzat guvernul de neglijarea unor hot\u0103r\u00e2ri judec\u0103tore\u0219ti considerate \u201eistorice\u201d.<\/p>\n<p>Acest protest vine la o lun\u0103 dup\u0103 ce Curtea Administrativ\u0103 Suprem\u0103 a Poloniei a decis c\u0103 autorit\u0103\u021bile trebuie s\u0103 recunoasc\u0103 oficial c\u0103s\u0103toriile \u00eentre persoane de acela\u0219i sex \u00eencheiate \u00een alte \u021b\u0103ri ale Uniunii Europene, \u00eentr-un caz specific care implica doi cet\u0103\u021beni polonezi c\u0103s\u0103tori\u021bi \u00een Germania. Aceast\u0103 decizie a fost precedat\u0103 de o hot\u0103r\u00e2re similar\u0103 a Cur\u021bii de Justi\u021bie a Uniunii Europene, care a subliniat c\u0103 statele membre sunt obligate s\u0103 recunoasc\u0103 aceste c\u0103s\u0103torii, cel pu\u021bin din punct de vedere administrativ. Judec\u0103torii europeni au avertizat c\u0103 nerespectarea acestei obliga\u021bii \u00eencalc\u0103 drepturile cet\u0103\u021benilor Uniunii.<\/p>\n<p>Protestatarii s-au adunat \u00een fa\u021ba sediului premierului Donald Tusk, purt\u00e2nd pancarte cu mesaje precum \u201eEgalitate \u00een c\u0103s\u0103torie\u201d, \u201e\u00cempreun\u0103 nu vom renun\u021ba la egalitate\u201d \u0219i \u201eGata cu segregarea \u00een c\u0103s\u0103torie\u201d. Bart Staszewski a declarat: \u201eEgalitatea \u0219i statul de drept nu sunt sloganuri goale\u201d, subliniind c\u0103 scopul manifesta\u021biei este de a atrage aten\u021bia asupra inactivit\u0103\u021bii autorit\u0103\u021bilor. Activistul a adresat \u00eentreb\u0103ri retorice premierului, critic\u00e2nd lipsa de ac\u021biune concret\u0103 la \u0219ase luni de la decizia instan\u021bei.<\/p>\n<p>\u201eDe ce c\u0103s\u0103toriile efectuate \u00eentr-o \u021bar\u0103 a Uniunii Europene \u2013 precum Germania, Danemarca, Fran\u021ba sau Spania \u2013 nu sunt recunoscute \u00een Polonia?\u201d, a \u00eentrebat Staszewski. \u201eDe ce nu vre\u021bi s\u0103 d\u0103r\u00e2ma\u021bi acest zid care \u00eenc\u0103 ne separ\u0103 de o Europ\u0103 democratic\u0103?\u201d<\/p>\n<p>Protestul are loc \u00eentr-un climat de presiune cresc\u00e2nd\u0103 asupra guvernului. La \u00eenceputul s\u0103pt\u0103m\u00e2nii, peste 100 de organiza\u021bii neguvernamentale au criticat autorit\u0103\u021bile pentru neaplicarea hot\u0103r\u00e2rilor instan\u021belor. Conform agen\u021biei de pres\u0103 PAP, manifesta\u021bia s-a desf\u0103\u0219urat f\u0103r\u0103 incidente semnificative.<\/p>\n<p>Ministerul de Interne a declarat c\u0103 implementarea complet\u0103 a deciziilor Cur\u021bii de Justi\u021bie a Uniunii Europene necesit\u0103 modific\u0103ri legislative, inclusiv introducerea unei proceduri de transcriere a c\u0103s\u0103toriilor. De\u0219i aceste hot\u0103r\u00e2ri nu echivaleaz\u0103 cu legalizarea c\u0103s\u0103toriilor \u00eentre persoane de acela\u0219i sex \u00een Polonia, subiectul fiind contestat de grup\u0103rile conservatoare, ele oblig\u0103 autorit\u0103\u021bile s\u0103 trateze aceste uniuni ca fiind valide din punct de vedere administrativ. Aceasta este considerat\u0103 de activi\u0219ti un pas esen\u021bial spre recunoa\u0219terea deplin\u0103 a drepturilor persoanelor LGBT.<\/p>\n","protected":false},"excerpt":{"rendered":"<p>S\u00e2mb\u0103t\u0103, \u00een Var\u0219ovia, c\u00e2teva sute de persoane s-au adunat pentru a protesta, solicit\u00e2nd guvernului polonez s\u0103 respecte deciziile instan\u021belor care oblig\u0103 statul s\u0103 recunoasc\u0103, \u00een scopuri administrative, c\u0103s\u0103toriile \u00eentre persoane de acela\u0219i sex efectuate \u00een alte state membre ale Uniunii Europene. Conform tvpworld.com, manifesta\u021bia a fost organizat\u0103 de diverse organiza\u021bii LGBT \u0219i condus\u0103 de activistul [&hellip;]<\/p>\n","protected":false},"author":2,"featured_media":15926,"comment_status":"open","ping_status":"open","sticky":false,"template":"","format":"standard","meta":{"jnews-multi-image_gallery":[],"jnews_single_post":[],"jnews_primary_category":[],"jnews_override_counter":[],"footnotes":""},"categories":[39],"tags":[18292,18289,18290,12556,18291,270,321,5915],"class_list":["post-15925","post","type-post","status-publish","format-standard","has-post-thumbnail","hentry","category-stirile-zilei","tag-bart-staszewski","tag-casatorii-intre-persoane-de-acelasi-sex","tag-guvern-polonez","tag-hotarari-judecatoresti","tag-organizatii-lgbt","tag-protest","tag-uniunea-europeana","tag-varsovia"],"_links":{"self":[{"href":"https:\/\/www.newsrecorder.ro\/app\/wp-json\/wp\/v2\/posts\/15925","targetHints":{"allow":["GET"]}}],"collection":[{"href":"https:\/\/www.newsrecorder.ro\/app\/wp-json\/wp\/v2\/posts"}],"about":[{"href":"https:\/\/www.newsrecorder.ro\/app\/wp-json\/wp\/v2\/types\/post"}],"author":[{"embeddable":true,"href":"https:\/\/www.newsrecorder.ro\/app\/wp-json\/wp\/v2\/users\/2"}],"replies":[{"embeddable":true,"href":"https:\/\/www.newsrecorder.ro\/app\/wp-json\/wp\/v2\/comments?post=15925"}],"version-history":[{"count":0,"href":"https:\/\/www.newsrecorder.ro\/app\/wp-json\/wp\/v2\/posts\/15925\/revisions"}],"wp:featuredmedia":[{"embeddable":true,"href":"https:\/\/www.newsrecorder.ro\/app\/wp-json\/wp\/v2\/media\/15926"}],"wp:attachment":[{"href":"https:\/\/www.newsrecorder.ro\/app\/wp-json\/wp\/v2\/media?parent=15925"}],"wp:term":[{"taxonomy":"category","embeddable":true,"href":"https:\/\/www.newsrecorder.ro\/app\/wp-json\/wp\/v2\/categories?post=15925"},{"taxonomy":"post_tag","embeddable":true,"href":"https:\/\/www.newsrecorder.ro\/app\/wp-json\/wp\/v2\/tags?post=15925"}],"curies":[{"name":"wp","href":"https:\/\/api.w.org\/{rel}","templated":true}]}}