{"id":15943,"date":"2026-04-26T01:36:28","date_gmt":"2026-04-26T01:36:28","guid":{"rendered":"https:\/\/www.newsrecorder.ro\/app\/2026\/04\/26\/cfr-cluj-triumfa-in-derby-ul-local\/"},"modified":"2026-04-26T01:36:28","modified_gmt":"2026-04-26T01:36:28","slug":"cfr-cluj-triumfa-in-derby-ul-local","status":"publish","type":"post","link":"https:\/\/www.newsrecorder.ro\/app\/2026\/04\/26\/cfr-cluj-triumfa-in-derby-ul-local\/","title":{"rendered":"CFR Cluj triumf\u0103 \u00een derby-ul local!"},"content":{"rendered":"<p>Unicul gol al confrunt\u0103rii a fost marcat din penalty \u00een minutul 70, de c\u0103tre Andrei Cordea, aduc\u00e2nd victoria echipei sale.<\/p>\n<p>Aceast\u0103 partid\u0103 a reprezentat un moment special pentru Mario Camora, care a bifat meciul cu num\u0103rul 450 \u00een prima lig\u0103 a fotbalului rom\u00e2nesc. Veteranul funda\u0219 se afl\u0103 acum la al 15-lea sezon cu CFR Cluj, demonstr\u00e2nd astfel o dedicare remarcabil\u0103 fa\u021b\u0103 de club.<\/p>\n<p>Confruntarea dintre cele dou\u0103 echipe rivale, Universitatea Cluj \u0219i CFR Cluj, a avut loc \u0219i pe 16 martie, c\u00e2nd Universitatea Cluj a reu\u0219it s\u0103 c\u00e2\u0219tige cu 2-1, ad\u0103ug\u00e2nd \u0219i mai mult\u0103 intensitate rivalit\u0103\u021bii dintre cele dou\u0103 forma\u021bii.<\/p>\n<p>Dup\u0103 aceast\u0103 victorie, CFR Cluj acumuleaz\u0103 37 de puncte \u00een play-off, reduc\u00e2nd distan\u021ba fa\u021b\u0103 de Universitatea Cluj, care se afl\u0103 pe primul loc cu 39 de puncte.<\/p>\n<p>\u00cen ceea ce prive\u0219te urm\u0103toarele meciuri din etapa a \u0219asea a play-off-ului, fanii vor putea urm\u0103ri duminic\u0103 confruntarea dintre Dinamo \u0219i Rapid, iar luni va avea loc meciul Fc Arge\u0219 &#8211; Universitatea Craiova.<\/p>\n","protected":false},"excerpt":{"rendered":"<p>Unicul gol al confrunt\u0103rii a fost marcat din penalty \u00een minutul 70, de c\u0103tre Andrei Cordea, aduc\u00e2nd victoria echipei sale. Aceast\u0103 partid\u0103 a reprezentat un moment special pentru Mario Camora, care a bifat meciul cu num\u0103rul 450 \u00een prima lig\u0103 a fotbalului rom\u00e2nesc. Veteranul funda\u0219 se afl\u0103 acum la al 15-lea sezon cu CFR Cluj, [&hellip;]<\/p>\n","protected":false},"author":6,"featured_media":15944,"comment_status":"open","ping_status":"open","sticky":false,"template":"","format":"standard","meta":{"jnews-multi-image_gallery":[],"jnews_single_post":[],"jnews_primary_category":[],"jnews_override_counter":[],"footnotes":""},"categories":[46],"tags":[1801,981,980,11652,2753,1787,2008,64],"class_list":["post-15943","post","type-post","status-publish","format-standard","has-post-thumbnail","hentry","category-sport","tag-andrei-cordea","tag-cfr-cluj","tag-fotbal-romanesc","tag-mario-camora","tag-play-off","tag-rivalitate","tag-universitatea-cluj","tag-victorie"],"_links":{"self":[{"href":"https:\/\/www.newsrecorder.ro\/app\/wp-json\/wp\/v2\/posts\/15943","targetHints":{"allow":["GET"]}}],"collection":[{"href":"https:\/\/www.newsrecorder.ro\/app\/wp-json\/wp\/v2\/posts"}],"about":[{"href":"https:\/\/www.newsrecorder.ro\/app\/wp-json\/wp\/v2\/types\/post"}],"author":[{"embeddable":true,"href":"https:\/\/www.newsrecorder.ro\/app\/wp-json\/wp\/v2\/users\/6"}],"replies":[{"embeddable":true,"href":"https:\/\/www.newsrecorder.ro\/app\/wp-json\/wp\/v2\/comments?post=15943"}],"version-history":[{"count":0,"href":"https:\/\/www.newsrecorder.ro\/app\/wp-json\/wp\/v2\/posts\/15943\/revisions"}],"wp:featuredmedia":[{"embeddable":true,"href":"https:\/\/www.newsrecorder.ro\/app\/wp-json\/wp\/v2\/media\/15944"}],"wp:attachment":[{"href":"https:\/\/www.newsrecorder.ro\/app\/wp-json\/wp\/v2\/media?parent=15943"}],"wp:term":[{"taxonomy":"category","embeddable":true,"href":"https:\/\/www.newsrecorder.ro\/app\/wp-json\/wp\/v2\/categories?post=15943"},{"taxonomy":"post_tag","embeddable":true,"href":"https:\/\/www.newsrecorder.ro\/app\/wp-json\/wp\/v2\/tags?post=15943"}],"curies":[{"name":"wp","href":"https:\/\/api.w.org\/{rel}","templated":true}]}}