{"id":15953,"date":"2026-04-26T01:37:51","date_gmt":"2026-04-26T01:37:51","guid":{"rendered":"https:\/\/www.newsrecorder.ro\/app\/2026\/04\/26\/panama-isi-exprima-recunostinta-cubei-pentru-eliberarea-cetatenilor-sai\/"},"modified":"2026-04-26T01:37:51","modified_gmt":"2026-04-26T01:37:51","slug":"panama-isi-exprima-recunostinta-cubei-pentru-eliberarea-cetatenilor-sai","status":"publish","type":"post","link":"https:\/\/www.newsrecorder.ro\/app\/2026\/04\/26\/panama-isi-exprima-recunostinta-cubei-pentru-eliberarea-cetatenilor-sai\/","title":{"rendered":"Panama \u00ee\u0219i exprim\u0103 recuno\u0219tin\u021ba Cubei pentru eliberarea cet\u0103\u021benilor s\u0103i!"},"content":{"rendered":"<p>Guvernul din Panama a f\u0103cut un anun\u021b important, comunic\u00e2nd c\u0103 trei dintre cet\u0103\u021benii s\u0103i, re\u021binu\u021bi \u00een <a href=\"https:\/\/www.mediafax.ro\/externe\/val-de-eliberari-in-cuba-bucurie-pentru-familii-critici-din-partea-organizatiilor-pentru-drepturile-omului-23714881\">Cuba<\/a>, au fost elibera\u021bi \u0219i s-au \u00eentors acas\u0103. Cu toate acestea, al\u021bi \u0219apte panamezi r\u0103m\u00e2n \u00een deten\u021bie, conform informa\u021biilor furnizate de <a href=\"https:\/\/apnews.com\/article\/cuba-arrests-panamanians-panama-propaganda-detained-21361ce8538b822b4571c44f075f5e03\">AP<\/a>.<\/p>\n<p>\u00centr-un comunicat oficial, autorit\u0103\u021bile au confirmat c\u0103 cele trei femei eliberate au ajuns deja \u00een Panama. Guvernul panamez a exprimat recuno\u0219tin\u021b\u0103 fa\u021b\u0103 de gestul autorit\u0103\u021bilor cubaneze \u0219i a subliniat c\u0103 va continua eforturile pentru a rezolva situa\u021bia celorlal\u021bi cet\u0103\u021beni r\u0103ma\u0219i \u00een deten\u021bie.<\/p>\n<p>Cei zece panamezi au fost aresta\u021bi la Havana la sf\u00e2r\u0219itul lunii februarie, fiind acuza\u021bi de \u201epropagand\u0103 subversiv\u0103\u201d. Conform Ministerului de Interne al Cubei, se sus\u021bine c\u0103 ace\u0219tia ar fi fost pl\u0103ti\u021bi pentru a intra \u00een \u021bar\u0103 \u0219i a distribui materiale considerate \u201econtrare ordinii constitu\u021bionale\u201d. Autorit\u0103\u021bile cubaneze afirm\u0103 c\u0103 re\u021binu\u021bii ar fi declarat c\u0103 inten\u021bionau s\u0103 p\u0103r\u0103seasc\u0103 insula imediat dup\u0103 ce \u00ee\u0219i \u00eendeplineau misiunea, fiind remunera\u021bi cu sume cuprinse \u00eentre 1.000 \u0219i 1.500 de dolari fiecare.<\/p>\n<p>Guvernul din Panama a subliniat c\u0103 va continua dialogul cu oficialii cubanezi pentru a asigura \u201ebun\u0103starea\u201d celor \u0219apte cet\u0103\u021beni care r\u0103m\u00e2n \u00een deten\u021bie \u0219i pentru a ob\u021bine o solu\u021bionare rapid\u0103 a acestui caz complex.<\/p>\n<p>Acest incident scoate \u00een eviden\u021b\u0103 tensiunile delicate legate de acuza\u021biile de interferen\u021b\u0103 \u0219i activit\u0103\u021bi politice \u00een Cuba, subliniind totodat\u0103 importan\u021ba canalelor diplomatice \u00een gestionarea unor astfel de situa\u021bii sensibile.<\/p>\n","protected":false},"excerpt":{"rendered":"<p>Guvernul din Panama a f\u0103cut un anun\u021b important, comunic\u00e2nd c\u0103 trei dintre cet\u0103\u021benii s\u0103i, re\u021binu\u021bi \u00een Cuba, au fost elibera\u021bi \u0219i s-au \u00eentors acas\u0103. Cu toate acestea, al\u021bi \u0219apte panamezi r\u0103m\u00e2n \u00een deten\u021bie, conform informa\u021biilor furnizate de AP. \u00centr-un comunicat oficial, autorit\u0103\u021bile au confirmat c\u0103 cele trei femei eliberate au ajuns deja \u00een Panama. Guvernul [&hellip;]<\/p>\n","protected":false},"author":2,"featured_media":15954,"comment_status":"open","ping_status":"open","sticky":false,"template":"","format":"standard","meta":{"jnews-multi-image_gallery":[],"jnews_single_post":[],"jnews_primary_category":[],"jnews_override_counter":[],"footnotes":""},"categories":[41],"tags":[2136,289,1734,454,691,18331,18332,7400],"class_list":["post-15953","post","type-post","status-publish","format-standard","has-post-thumbnail","hentry","category-externe","tag-autoritati","tag-cetateni","tag-cuba","tag-detentie","tag-eliberare","tag-panama","tag-propaganda-subversiva","tag-recunostinta"],"_links":{"self":[{"href":"https:\/\/www.newsrecorder.ro\/app\/wp-json\/wp\/v2\/posts\/15953","targetHints":{"allow":["GET"]}}],"collection":[{"href":"https:\/\/www.newsrecorder.ro\/app\/wp-json\/wp\/v2\/posts"}],"about":[{"href":"https:\/\/www.newsrecorder.ro\/app\/wp-json\/wp\/v2\/types\/post"}],"author":[{"embeddable":true,"href":"https:\/\/www.newsrecorder.ro\/app\/wp-json\/wp\/v2\/users\/2"}],"replies":[{"embeddable":true,"href":"https:\/\/www.newsrecorder.ro\/app\/wp-json\/wp\/v2\/comments?post=15953"}],"version-history":[{"count":0,"href":"https:\/\/www.newsrecorder.ro\/app\/wp-json\/wp\/v2\/posts\/15953\/revisions"}],"wp:featuredmedia":[{"embeddable":true,"href":"https:\/\/www.newsrecorder.ro\/app\/wp-json\/wp\/v2\/media\/15954"}],"wp:attachment":[{"href":"https:\/\/www.newsrecorder.ro\/app\/wp-json\/wp\/v2\/media?parent=15953"}],"wp:term":[{"taxonomy":"category","embeddable":true,"href":"https:\/\/www.newsrecorder.ro\/app\/wp-json\/wp\/v2\/categories?post=15953"},{"taxonomy":"post_tag","embeddable":true,"href":"https:\/\/www.newsrecorder.ro\/app\/wp-json\/wp\/v2\/tags?post=15953"}],"curies":[{"name":"wp","href":"https:\/\/api.w.org\/{rel}","templated":true}]}}