{"id":15961,"date":"2026-04-26T03:06:02","date_gmt":"2026-04-26T03:06:02","guid":{"rendered":"https:\/\/www.newsrecorder.ro\/app\/2026\/04\/26\/dupa-41-de-ani-85-din-obiectivul-de-securitate-nationala-este-finalizat\/"},"modified":"2026-04-26T03:06:02","modified_gmt":"2026-04-26T03:06:02","slug":"dupa-41-de-ani-85-din-obiectivul-de-securitate-nationala-este-finalizat","status":"publish","type":"post","link":"https:\/\/www.newsrecorder.ro\/app\/2026\/04\/26\/dupa-41-de-ani-85-din-obiectivul-de-securitate-nationala-este-finalizat\/","title":{"rendered":"Dup\u0103 41 de ani, 85% din obiectivul de securitate na\u021bional\u0103 este finalizat!"},"content":{"rendered":"<p>Sebastian Burduja a f\u0103cut recent o postare pe Facebook \u00een care a prezentat un videoclip realizat la hidrocentrala Pa\u0219cani, amplasat\u0103 pe malul r\u00e2ului Siret, \u00eentre ora\u0219ele Ia\u0219i \u0219i Suceava.<\/p>\n<p>\u201eProiectul a fost ini\u021biat \u00een 1985 \u0219i a ajuns acum la un stadiu de finalizare de 85%. \u00cen perioada \u00een care am ocupat func\u021bia de ministru al energiei, am scos acest proiect din sertar \u0219i am reluat lucr\u0103rile, dup\u0103 zeci de ani de stagnare\u201d, a declarat Burduja pe re\u021beaua de socializare.<\/p>\n<p>El subliniaz\u0103 c\u0103 hidrocentrala are poten\u021bialul de a reprezenta o surs\u0103 esen\u021bial\u0103 de ap\u0103 pentru irigarea a nu mai pu\u021bin de 46.000 de hectare de teren agricol din regiunea Moldova, dintre care 32.500 de hectare se afl\u0103 \u00een bazinul Siretului \u0219i 13.500 \u00een cel al Prutului.<\/p>\n<p>\u201eAceasta va asigura ap\u0103 potabil\u0103 pentru ora\u0219ul Pa\u0219cani, va oferi protec\u021bie \u00eempotriva inunda\u021biilor care au afectat comunit\u0103\u021bile de pe albia Siretului ani la r\u00e2ndul, \u0219i va genera 25 GWh anual de energie sigur\u0103, ieftin\u0103 \u0219i curat\u0103. De asemenea, va crea un imens lac de acumulare cu un volum de 60 de milioane de metri cubi, av\u00e2nd grupuri de produc\u021bie care vor func\u021biona exact pe v\u00e2rful de consum, contribuind astfel la reducerea importurilor costisitoare \u0219i la ieftinirea facturilor pentru rom\u00e2ni. Despre asta este vorba\u201d, a explicat fostul ministru, eviden\u021biind beneficiile hidrocentralei.<\/p>\n<p>\u00cen plus, Burduja a men\u021bionat c\u0103, \u00een anul 2022, Consiliul Suprem de Ap\u0103rare a \u021a\u0103rii (CSAT) a declarat hidrocentrala Pa\u0219cani ca fiind un obiectiv strategic de securitate na\u021bional\u0103.<\/p>\n<p>Potrivit estim\u0103rilor lui Sebastian Burduja, lucr\u0103rile de finalizare ar putea fi \u00eencheiate \u00een termen de 1-2 ani: \u201e\u00cen 2024, am reu\u0219it, \u00eempreun\u0103 cu echipa mea, s\u0103 aloc\u0103m resursele financiare necesare pentru exproprierile finale, care afecteaz\u0103 peste 2000 de hectare. Am adoptat hot\u0103r\u00e2rea de guvern \u0219i am revitalizat \u0219antierul. \u00cen 1-2 ani, Pa\u0219caniul va fi finalizat\u201d.<\/p>\n<p>Fostul ministru a reamintit c\u0103, \u00een luna decembrie, a depus \u00een Parlament Legea Hidrocentralelor, prin care proiectele neterminate \u0219i declarate de securitate na\u021bional\u0103 vor beneficia de un regim special de deblocare.<\/p>\n<p>\u201eAm fost recent la Surduc-Siriu, acum la Pa\u0219cani, iar \u00een continuare urmeaz\u0103 R\u0103stoli\u021ba, Bumbe\u0219ti-Livezeni, Cerna-Belareca, Cornetu-Avrig \u0219i toate celelalte hidrocentrale \u00eencepute acum zeci de ani, dar blocate de ac\u021biunile sabotatoare ale 2-3 ONG-uri, de birocra\u021bie \u0219i de incompeten\u021b\u0103. Ne angaj\u0103m s\u0103 finaliz\u0103m toate aceste proiecte\u201d, a ad\u0103ugat Burduja \u00een postarea sa.<\/p>\n<p>De asemenea, el a men\u021bionat c\u0103 peste 52.000 de rom\u00e2ni au semnat deja o peti\u021bie pentru sus\u021binerea legii hidrocentralelor \u00een Parlamentul Rom\u00e2niei.<\/p>\n","protected":false},"excerpt":{"rendered":"<p>Sebastian Burduja a f\u0103cut recent o postare pe Facebook \u00een care a prezentat un videoclip realizat la hidrocentrala Pa\u0219cani, amplasat\u0103 pe malul r\u00e2ului Siret, \u00eentre ora\u0219ele Ia\u0219i \u0219i Suceava. \u201eProiectul a fost ini\u021biat \u00een 1985 \u0219i a ajuns acum la un stadiu de finalizare de 85%. \u00cen perioada \u00een care am ocupat func\u021bia de ministru [&hellip;]<\/p>\n","protected":false},"author":4,"featured_media":15962,"comment_status":"open","ping_status":"open","sticky":false,"template":"","format":"standard","meta":{"jnews-multi-image_gallery":[],"jnews_single_post":[],"jnews_primary_category":[],"jnews_override_counter":[],"footnotes":""},"categories":[40],"tags":[4019,18340,2880,18344,18342,18343,18345,18341],"class_list":["post-15961","post","type-post","status-publish","format-standard","has-post-thumbnail","hentry","category-econonie","tag-apa-potabila","tag-hidrocentrala-pascani","tag-inundatii","tag-irigatii","tag-proiect-energii-regenerabile","tag-raul-siret","tag-regiunea-moldova","tag-sebastian-burduja"],"_links":{"self":[{"href":"https:\/\/www.newsrecorder.ro\/app\/wp-json\/wp\/v2\/posts\/15961","targetHints":{"allow":["GET"]}}],"collection":[{"href":"https:\/\/www.newsrecorder.ro\/app\/wp-json\/wp\/v2\/posts"}],"about":[{"href":"https:\/\/www.newsrecorder.ro\/app\/wp-json\/wp\/v2\/types\/post"}],"author":[{"embeddable":true,"href":"https:\/\/www.newsrecorder.ro\/app\/wp-json\/wp\/v2\/users\/4"}],"replies":[{"embeddable":true,"href":"https:\/\/www.newsrecorder.ro\/app\/wp-json\/wp\/v2\/comments?post=15961"}],"version-history":[{"count":0,"href":"https:\/\/www.newsrecorder.ro\/app\/wp-json\/wp\/v2\/posts\/15961\/revisions"}],"wp:featuredmedia":[{"embeddable":true,"href":"https:\/\/www.newsrecorder.ro\/app\/wp-json\/wp\/v2\/media\/15962"}],"wp:attachment":[{"href":"https:\/\/www.newsrecorder.ro\/app\/wp-json\/wp\/v2\/media?parent=15961"}],"wp:term":[{"taxonomy":"category","embeddable":true,"href":"https:\/\/www.newsrecorder.ro\/app\/wp-json\/wp\/v2\/categories?post=15961"},{"taxonomy":"post_tag","embeddable":true,"href":"https:\/\/www.newsrecorder.ro\/app\/wp-json\/wp\/v2\/tags?post=15961"}],"curies":[{"name":"wp","href":"https:\/\/api.w.org\/{rel}","templated":true}]}}