{"id":15981,"date":"2026-04-26T10:09:31","date_gmt":"2026-04-26T10:09:31","guid":{"rendered":"https:\/\/www.newsrecorder.ro\/app\/2026\/04\/26\/transformare-majora-in-bucuresti-trei-bulevarde-printre-sectorul-2\/"},"modified":"2026-04-26T10:09:31","modified_gmt":"2026-04-26T10:09:31","slug":"transformare-majora-in-bucuresti-trei-bulevarde-printre-sectorul-2","status":"publish","type":"post","link":"https:\/\/www.newsrecorder.ro\/app\/2026\/04\/26\/transformare-majora-in-bucuresti-trei-bulevarde-printre-sectorul-2\/","title":{"rendered":"Transformare major\u0103 \u00een Bucure\u0219ti: Trei bulevarde printre Sectorul 2!"},"content":{"rendered":"<p>Autoritatea local\u0103 a solicitat Consiliului General al Municipiului Bucure\u0219ti transferul \u00een administrare al unor bulevarde esen\u021biale, pentru a putea \u00eencepe lucr\u0103rile de modernizare necesare, conform publica\u021biei <a href=\"https:\/\/buletin.de\/bucuresti\/primaria-sectorului-2-cere-trei-mari-bulevarde-de-la-pmb-pentru-modernizare\/\" target=\"_blank\" rel=\"noopener\">Buletin de Bucure\u0219ti<\/a>.<\/p>\n<p>\u00cen special, pentru <strong>\u0218oseaua Colentina<\/strong>, cererea se concentreaz\u0103 pe segmentul cuprins \u00eentre zona Obor \u0219i \u0218oseaua Fundeni. Proiectul propus vizeaz\u0103 modernizarea infrastructurii rutiere \u0219i pietonale, reconfigurarea profilului transversal, crearea de piste pentru biciclete, extinderea spa\u021biilor verzi \u0219i implementarea de m\u0103suri menite s\u0103 sporeasc\u0103 siguran\u021ba rutier\u0103.<\/p>\n<p>Reprezentan\u021bii Prim\u0103riei Sectorului 2 justific\u0103 aceast\u0103 ini\u021biativ\u0103 prin cre\u0219terea num\u0103rului de autovehicule, deteriorarea arterelor \u0219i intensificarea traficului. Ace\u0219tia consider\u0103 c\u0103 modernizarea va contribui semnificativ la fluidizarea circula\u021biei \u0219i la diminuarea efectelor polu\u0103rii.<\/p>\n<p>Finan\u021barea lucr\u0103rilor este planificat\u0103 s\u0103 fie acoperit\u0103 din bugetul local al Sectorului 2 sau din alte surse legale disponibile.<\/p>\n<p>Printre bulevardele incluse \u00een acest demers se num\u0103r\u0103 \u0219i <strong>Bulevardul Chi\u0219in\u0103u<\/strong>, care va beneficia de lucr\u0103ri de modernizare at\u00e2t structurale, c\u00e2t \u0219i func\u021bionale \u0219i estetice, al\u0103turi de revitalizarea zonelor adiacente. M\u0103surile propuse pentru acest bulevard includ, similar altor proiecte, modernizarea drumului, amenajarea de piste pentru biciclete \u0219i extinderea spa\u021biilor verzi.<\/p>\n<p>\u00cen plus, Prim\u0103ria Sectorului 2 a solicitat \u0219i preluarea C\u0103ii Mo\u0219ilor, unde sunt planificate lucr\u0103ri de modernizare, extinderea spa\u021biilor verzi \u0219i amenajarea de piste pentru biciclete.<\/p>\n<p>Este important de men\u021bionat c\u0103 toate aceste proiecte sunt condi\u021bionate de aprobarea Prim\u0103riei Generale, care trebuie s\u0103 consimt\u0103 la transferul arterelor c\u0103tre administra\u021bia local\u0103, \u00eenainte ca lucr\u0103rile s\u0103 poat\u0103 \u00eencepe.<\/p>\n","protected":false},"excerpt":{"rendered":"<p>Autoritatea local\u0103 a solicitat Consiliului General al Municipiului Bucure\u0219ti transferul \u00een administrare al unor bulevarde esen\u021biale, pentru a putea \u00eencepe lucr\u0103rile de modernizare necesare, conform publica\u021biei Buletin de Bucure\u0219ti. \u00cen special, pentru \u0218oseaua Colentina, cererea se concentreaz\u0103 pe segmentul cuprins \u00eentre zona Obor \u0219i \u0218oseaua Fundeni. Proiectul propus vizeaz\u0103 modernizarea infrastructurii rutiere \u0219i pietonale, reconfigurarea [&hellip;]<\/p>\n","protected":false},"author":2,"featured_media":15982,"comment_status":"open","ping_status":"open","sticky":false,"template":"","format":"standard","meta":{"jnews-multi-image_gallery":[],"jnews_single_post":[],"jnews_primary_category":[],"jnews_override_counter":[],"footnotes":""},"categories":[39],"tags":[14652,362,18373,460,464,789,5499,5504],"class_list":["post-15981","post","type-post","status-publish","format-standard","has-post-thumbnail","hentry","category-stirile-zilei","tag-biciclete","tag-bucuresti","tag-bulevarde","tag-infrastructura","tag-modernizare","tag-poluare","tag-siguranta-rutiera","tag-trafic"],"_links":{"self":[{"href":"https:\/\/www.newsrecorder.ro\/app\/wp-json\/wp\/v2\/posts\/15981","targetHints":{"allow":["GET"]}}],"collection":[{"href":"https:\/\/www.newsrecorder.ro\/app\/wp-json\/wp\/v2\/posts"}],"about":[{"href":"https:\/\/www.newsrecorder.ro\/app\/wp-json\/wp\/v2\/types\/post"}],"author":[{"embeddable":true,"href":"https:\/\/www.newsrecorder.ro\/app\/wp-json\/wp\/v2\/users\/2"}],"replies":[{"embeddable":true,"href":"https:\/\/www.newsrecorder.ro\/app\/wp-json\/wp\/v2\/comments?post=15981"}],"version-history":[{"count":0,"href":"https:\/\/www.newsrecorder.ro\/app\/wp-json\/wp\/v2\/posts\/15981\/revisions"}],"wp:featuredmedia":[{"embeddable":true,"href":"https:\/\/www.newsrecorder.ro\/app\/wp-json\/wp\/v2\/media\/15982"}],"wp:attachment":[{"href":"https:\/\/www.newsrecorder.ro\/app\/wp-json\/wp\/v2\/media?parent=15981"}],"wp:term":[{"taxonomy":"category","embeddable":true,"href":"https:\/\/www.newsrecorder.ro\/app\/wp-json\/wp\/v2\/categories?post=15981"},{"taxonomy":"post_tag","embeddable":true,"href":"https:\/\/www.newsrecorder.ro\/app\/wp-json\/wp\/v2\/tags?post=15981"}],"curies":[{"name":"wp","href":"https:\/\/api.w.org\/{rel}","templated":true}]}}