{"id":15989,"date":"2026-04-26T13:54:23","date_gmt":"2026-04-26T13:54:23","guid":{"rendered":"https:\/\/www.newsrecorder.ro\/app\/2026\/04\/26\/tragedie-pe-stadionul-schalke-04-cadavru-gasit-in-incinta\/"},"modified":"2026-04-26T13:54:23","modified_gmt":"2026-04-26T13:54:23","slug":"tragedie-pe-stadionul-schalke-04-cadavru-gasit-in-incinta","status":"publish","type":"post","link":"https:\/\/www.newsrecorder.ro\/app\/2026\/04\/26\/tragedie-pe-stadionul-schalke-04-cadavru-gasit-in-incinta\/","title":{"rendered":"Tragedie pe stadionul Schalke 04: Cadavru g\u0103sit \u00een incint\u0103!"},"content":{"rendered":"<p>Un b\u0103rbat \u00een v\u00e2rst\u0103 a fost g\u0103sit decedat pe un stadion din vestul Germaniei, conform informa\u021biilor furnizate de poli\u021bie. Trupul s\u0103u a fost descoperit joi de un angajat de cur\u0103\u021benie, iar autorit\u0103\u021bile au confirmat c\u0103 decesul a survenit din cauze naturale, \u00een urma unei urgen\u021be medicale.<\/p>\n<p>Conform cotidianului german Bild, b\u0103rbatul participase la un eveniment care a avut loc \u00een ziua precedent\u0103, miercuri, pe stadion. \u00cen ciuda prezen\u021bei sale la eveniment, nu exist\u0103 informa\u021bii clare despre motivele pentru care dispari\u021bia sa nu a fost observat\u0103 imediat, iar identificarea sa a avut loc abia a doua zi.<\/p>\n<p>Clubul FC Schalke 04 a exprimat o profund\u0103 triste\u021be \u00een urma acestei \u00eent\u00e2mpl\u0103ri, anun\u021b\u00e2nd c\u0103 o persoan\u0103 decedat\u0103 a fost g\u0103sit\u0103 \u00eentr-o toalet\u0103 de la Veltins-Arena. \u201eSchalke 04 transmite cele mai sincere condolean\u021be familiei \u00eendoliate\u201d, a declarat clubul \u00eentr-un comunicat, conform sursei citate.<\/p>\n<p>De asemenea, clubul a anun\u021bat c\u0103 este preg\u0103tit s\u0103 ofere tot sprijinul necesar autorit\u0103\u021bilor care desf\u0103\u0219oar\u0103 ancheta, pun\u00e2nd la dispozi\u021bie toate resursele disponibile pentru a ajuta la elucidarea circumstan\u021belor acestei tragedii.<\/p>\n","protected":false},"excerpt":{"rendered":"<p>Un b\u0103rbat \u00een v\u00e2rst\u0103 a fost g\u0103sit decedat pe un stadion din vestul Germaniei, conform informa\u021biilor furnizate de poli\u021bie. Trupul s\u0103u a fost descoperit joi de un angajat de cur\u0103\u021benie, iar autorit\u0103\u021bile au confirmat c\u0103 decesul a survenit din cauze naturale, \u00een urma unei urgen\u021be medicale. Conform cotidianului german Bild, b\u0103rbatul participase la un eveniment [&hellip;]<\/p>\n","protected":false},"author":6,"featured_media":15990,"comment_status":"open","ping_status":"open","sticky":false,"template":"","format":"standard","meta":{"jnews-multi-image_gallery":[],"jnews_single_post":[],"jnews_primary_category":[],"jnews_override_counter":[],"footnotes":""},"categories":[46],"tags":[4875,1539,18381,676,18382,6716,3734,12397],"class_list":["post-15989","post","type-post","status-publish","format-standard","has-post-thumbnail","hentry","category-sport","tag-deces","tag-eveniment","tag-fc-schalke-04","tag-germania","tag-identificare","tag-stadion","tag-tristete","tag-urgenta-medicala"],"_links":{"self":[{"href":"https:\/\/www.newsrecorder.ro\/app\/wp-json\/wp\/v2\/posts\/15989","targetHints":{"allow":["GET"]}}],"collection":[{"href":"https:\/\/www.newsrecorder.ro\/app\/wp-json\/wp\/v2\/posts"}],"about":[{"href":"https:\/\/www.newsrecorder.ro\/app\/wp-json\/wp\/v2\/types\/post"}],"author":[{"embeddable":true,"href":"https:\/\/www.newsrecorder.ro\/app\/wp-json\/wp\/v2\/users\/6"}],"replies":[{"embeddable":true,"href":"https:\/\/www.newsrecorder.ro\/app\/wp-json\/wp\/v2\/comments?post=15989"}],"version-history":[{"count":0,"href":"https:\/\/www.newsrecorder.ro\/app\/wp-json\/wp\/v2\/posts\/15989\/revisions"}],"wp:featuredmedia":[{"embeddable":true,"href":"https:\/\/www.newsrecorder.ro\/app\/wp-json\/wp\/v2\/media\/15990"}],"wp:attachment":[{"href":"https:\/\/www.newsrecorder.ro\/app\/wp-json\/wp\/v2\/media?parent=15989"}],"wp:term":[{"taxonomy":"category","embeddable":true,"href":"https:\/\/www.newsrecorder.ro\/app\/wp-json\/wp\/v2\/categories?post=15989"},{"taxonomy":"post_tag","embeddable":true,"href":"https:\/\/www.newsrecorder.ro\/app\/wp-json\/wp\/v2\/tags?post=15989"}],"curies":[{"name":"wp","href":"https:\/\/api.w.org\/{rel}","templated":true}]}}