{"id":15995,"date":"2026-04-26T13:55:09","date_gmt":"2026-04-26T13:55:09","guid":{"rendered":"https:\/\/www.newsrecorder.ro\/app\/2026\/04\/26\/damasc-primul-proces-public-impotriva-fostilor-oficiali-assad\/"},"modified":"2026-04-26T13:55:09","modified_gmt":"2026-04-26T13:55:09","slug":"damasc-primul-proces-public-impotriva-fostilor-oficiali-assad","status":"publish","type":"post","link":"https:\/\/www.newsrecorder.ro\/app\/2026\/04\/26\/damasc-primul-proces-public-impotriva-fostilor-oficiali-assad\/","title":{"rendered":"Damasc: Primul proces public \u00eempotriva fo\u0219tilor oficiali Assad!"},"content":{"rendered":"<p>Atef Najib, fost general de brigad\u0103 al armatei siriene \u0219i v\u0103rul fostului pre\u0219edinte, s-a prezentat recent \u00een fa\u021ba instan\u021bei pentru a r\u0103spunde acuza\u021biilor de \u201ecrime \u00eempotriva poporului sirian\u201d. Aceste informa\u021bii au fost confirmate de agen\u021bia de \u0219tiri de stat sirian\u0103, SANA, \u0219i preluate de <a href=\"https:\/\/apnews.com\/article\/syria-trial-transitional-justice-assad-atef-najib-aff2f6c36a44d85006be6a15a4d6447f\" target=\"_blank\" rel=\"noopener\">Associated Press<\/a>.<\/p>\n<p>Najib a fost singurul dintre acuza\u021bii care a fost re\u021binut \u0219i s-a prezentat personal la tribunal, duminic\u0103, pentru o sesiune preg\u0103titoare a procesului, care va continua luna viitoare. Oamenii s-au adunat \u00een fa\u021ba instan\u021bei pentru a celebra acest moment important.<\/p>\n<p>\u00cen 2011, Najib a fost la conducerea Direc\u021biei de Securitate Politic\u0103 \u00een Daraa, c\u00e2nd mai mul\u021bi adolescen\u021bi au fost aresta\u021bi \u0219i tortura\u021bi pentru c\u0103 au scris graffiti antiguvernamentale pe zidul unei \u0219coli. Aceast\u0103 situa\u021bie a fost un catalizator pentru protestele masive \u00eempotriva regimului lui Assad, marc\u00e2nd \u00eenceputul unei perioade tumultoase \u00een istoria Siriei.<\/p>\n<p dir=\"ltr\" lang=\"fr\">\ud83d\udea8\ud83c\uddf8\ud83c\uddfe<br \/>\nLe Moment o\u00f9 le criminel Atif Najib entre dans la salle d\u2019audience. <a href=\"https:\/\/t.co\/yB1mkOjdbC\">pic.twitter.com\/yB1mkOjdbC<\/a><\/p>\n<p>\u2014 \ud835\udc12\ud835\udc32\ud835\udc2b\ud835\udc22\ud835\udc1a\ud835\udc27\ud835\udc28. (@syrien_1libre) <a href=\"https:\/\/twitter.com\/syrien_1libre\/status\/2048336549490614760?ref_src=twsrc%5Etfw\">April 26, 2026<\/a><\/p>\n<p>Represiunea brutal\u0103 a protestelor din acea vreme a escaladat rapid, conduc\u00e2nd la un r\u0103zboi civil care a durat 14 ani \u0219i s-a \u00eencheiat \u00een decembrie 2024, c\u00e2nd Assad a fost \u00eenl\u0103turat de la putere \u00een urma unei ofensive rapide a rebelilor. Asad a fugit \u00een Rusia, iar mul\u021bi dintre apropia\u021bii s\u0103i au p\u0103r\u0103sit, de asemenea, Siria.<\/p>\n<p>At\u00e2t Assad, c\u00e2t \u0219i fratele s\u0103u, Maher, fost comandant al Diviziei a 4-a Blindate, au fost acuza\u021bi de activi\u0219tii opozi\u021biei de crime grave, inclusiv omoruri, tortur\u0103 \u0219i trafic de droguri. Ace\u0219tia au fost acuza\u021bi \u00een lips\u0103, al\u0103turi de al\u021bi oficiali de rang \u00eenalt din domeniul securit\u0103\u021bii.<\/p>\n<p>Recent, autorit\u0103\u021bile siriene au re\u021binut un alt suspect, Amjad Yousef, un fost ofi\u021ber de informa\u021bii. Acesta a ap\u0103rut \u00eentr-un videoclip din urm\u0103 cu patru ani, \u00een care se presupune c\u0103 executa zeci de prizonieri lega\u021bi \u0219i \u00eenc\u0103tu\u0219a\u021bi \u00een suburbia Tadamon din Damasc, \u00een timpul r\u0103zboiului civil.<\/p>\n<p>Guvernul pre\u0219edintelui interimar Ahmad al-Sharaa a fost criticat pentru \u00eent\u00e2rzierile \u00een implementarea procesului de justi\u021bie tranzi\u021bional\u0103. Siria continu\u0103 s\u0103 se confrunte cu efectele devastatoare ale r\u0103zboiului civil, care a dus la aproximativ jum\u0103tate de milion de mor\u021bi \u0219i milioane de persoane str\u0103mutate, l\u0103s\u00e2nd \u021bara \u00een ruine \u0219i divizat\u0103.<\/p>\n<p>\u00cen prezent, autorit\u0103\u021bile par s\u0103 \u00ee\u0219i intensifice eforturile de a-i urm\u0103ri penal pe oficialii asocia\u021bi cu regimul lui Assad, semn c\u0103 schimb\u0103rile \u00een justi\u021bia din Siria ar putea \u00eencepe s\u0103 devin\u0103 o realitate.<\/p>\n","protected":false},"excerpt":{"rendered":"<p>Atef Najib, fost general de brigad\u0103 al armatei siriene \u0219i v\u0103rul fostului pre\u0219edinte, s-a prezentat recent \u00een fa\u021ba instan\u021bei pentru a r\u0103spunde acuza\u021biilor de \u201ecrime \u00eempotriva poporului sirian\u201d. Aceste informa\u021bii au fost confirmate de agen\u021bia de \u0219tiri de stat sirian\u0103, SANA, \u0219i preluate de Associated Press. Najib a fost singurul dintre acuza\u021bii care a fost [&hellip;]<\/p>\n","protected":false},"author":2,"featured_media":15996,"comment_status":"open","ping_status":"open","sticky":false,"template":"","format":"standard","meta":{"jnews-multi-image_gallery":[],"jnews_single_post":[],"jnews_primary_category":[],"jnews_override_counter":[],"footnotes":""},"categories":[41],"tags":[18386,18383,18384,18385,693,2495,1035,15271],"class_list":["post-15995","post","type-post","status-publish","format-standard","has-post-thumbnail","hentry","category-externe","tag-assad","tag-atef-najib","tag-crime-impotriva-poporului-sirian","tag-daraa","tag-instanta","tag-proces","tag-proteste","tag-tortura"],"_links":{"self":[{"href":"https:\/\/www.newsrecorder.ro\/app\/wp-json\/wp\/v2\/posts\/15995","targetHints":{"allow":["GET"]}}],"collection":[{"href":"https:\/\/www.newsrecorder.ro\/app\/wp-json\/wp\/v2\/posts"}],"about":[{"href":"https:\/\/www.newsrecorder.ro\/app\/wp-json\/wp\/v2\/types\/post"}],"author":[{"embeddable":true,"href":"https:\/\/www.newsrecorder.ro\/app\/wp-json\/wp\/v2\/users\/2"}],"replies":[{"embeddable":true,"href":"https:\/\/www.newsrecorder.ro\/app\/wp-json\/wp\/v2\/comments?post=15995"}],"version-history":[{"count":0,"href":"https:\/\/www.newsrecorder.ro\/app\/wp-json\/wp\/v2\/posts\/15995\/revisions"}],"wp:featuredmedia":[{"embeddable":true,"href":"https:\/\/www.newsrecorder.ro\/app\/wp-json\/wp\/v2\/media\/15996"}],"wp:attachment":[{"href":"https:\/\/www.newsrecorder.ro\/app\/wp-json\/wp\/v2\/media?parent=15995"}],"wp:term":[{"taxonomy":"category","embeddable":true,"href":"https:\/\/www.newsrecorder.ro\/app\/wp-json\/wp\/v2\/categories?post=15995"},{"taxonomy":"post_tag","embeddable":true,"href":"https:\/\/www.newsrecorder.ro\/app\/wp-json\/wp\/v2\/tags?post=15995"}],"curies":[{"name":"wp","href":"https:\/\/api.w.org\/{rel}","templated":true}]}}