{"id":15999,"date":"2026-04-26T13:55:48","date_gmt":"2026-04-26T13:55:48","guid":{"rendered":"https:\/\/www.newsrecorder.ro\/app\/2026\/04\/26\/tragedie-la-zoo-chisinau-copac-cazut-peste-un-copil-de-6-ani\/"},"modified":"2026-04-26T13:55:48","modified_gmt":"2026-04-26T13:55:48","slug":"tragedie-la-zoo-chisinau-copac-cazut-peste-un-copil-de-6-ani","status":"publish","type":"post","link":"https:\/\/www.newsrecorder.ro\/app\/2026\/04\/26\/tragedie-la-zoo-chisinau-copac-cazut-peste-un-copil-de-6-ani\/","title":{"rendered":"Tragedie la Zoo Chi\u0219in\u0103u: Copac c\u0103zut peste un copil de 6 ani!"},"content":{"rendered":"<p>Recent, Poli\u021bia Republicii Moldova a raportat un incident tragic \u00een care un copac a c\u0103zut peste un copil de doar 6 ani, \u00een timp ce acesta se afla \u00een Gr\u0103dina Zoologic\u0103 din Chi\u0219in\u0103u, al\u0103turi de tat\u0103l s\u0103u.<\/p>\n<p>Copilul a fost rapid preluat de un echipaj medical, fiind transportat \u00een stare grav\u0103 la spital pentru \u00eengrijiri de specialitate.<\/p>\n<p>\u00cen contextul condi\u021biilor meteorologice severe, caracterizate prin rafale puternice de v\u00e2nt, autorit\u0103\u021bile \u00eendeamn\u0103 p\u0103rin\u021bii s\u0103 evite deplas\u0103rile cu copiii, pentru a preveni astfel de accidente nefericite.<\/p>\n<p>De asemenea, Guvernul Republicii Moldova a informat c\u0103 v\u00e2ntul intens a provocat c\u0103deri de arbori \u0219i crengi pe mai multe drumuri na\u021bionale, ceea ce a dus la perturb\u0103ri temporare \u00een circula\u021bia rutier\u0103 pe diverse segmente.<\/p>\n<p>Echipele de drumari sunt deja mobilizate pentru a interveni \u0219i a debloca circula\u021bia, asigur\u00e2ndu-se astfel c\u0103 traficul se va relua \u00een condi\u021bii de siguran\u021b\u0103.<\/p>\n","protected":false},"excerpt":{"rendered":"<p>Recent, Poli\u021bia Republicii Moldova a raportat un incident tragic \u00een care un copac a c\u0103zut peste un copil de doar 6 ani, \u00een timp ce acesta se afla \u00een Gr\u0103dina Zoologic\u0103 din Chi\u0219in\u0103u, al\u0103turi de tat\u0103l s\u0103u. Copilul a fost rapid preluat de un echipaj medical, fiind transportat \u00een stare grav\u0103 la spital pentru \u00eengrijiri [&hellip;]<\/p>\n","protected":false},"author":2,"featured_media":16000,"comment_status":"open","ping_status":"open","sticky":false,"template":"","format":"standard","meta":{"jnews-multi-image_gallery":[],"jnews_single_post":[],"jnews_primary_category":[],"jnews_override_counter":[],"footnotes":""},"categories":[41],"tags":[2136,11230,1150,18388,5183,12012,1355,137],"class_list":["post-15999","post","type-post","status-publish","format-standard","has-post-thumbnail","hentry","category-externe","tag-autoritati","tag-chisinau","tag-circulatie","tag-copac","tag-copil","tag-gradina-zoologica","tag-incident","tag-vant"],"_links":{"self":[{"href":"https:\/\/www.newsrecorder.ro\/app\/wp-json\/wp\/v2\/posts\/15999","targetHints":{"allow":["GET"]}}],"collection":[{"href":"https:\/\/www.newsrecorder.ro\/app\/wp-json\/wp\/v2\/posts"}],"about":[{"href":"https:\/\/www.newsrecorder.ro\/app\/wp-json\/wp\/v2\/types\/post"}],"author":[{"embeddable":true,"href":"https:\/\/www.newsrecorder.ro\/app\/wp-json\/wp\/v2\/users\/2"}],"replies":[{"embeddable":true,"href":"https:\/\/www.newsrecorder.ro\/app\/wp-json\/wp\/v2\/comments?post=15999"}],"version-history":[{"count":0,"href":"https:\/\/www.newsrecorder.ro\/app\/wp-json\/wp\/v2\/posts\/15999\/revisions"}],"wp:featuredmedia":[{"embeddable":true,"href":"https:\/\/www.newsrecorder.ro\/app\/wp-json\/wp\/v2\/media\/16000"}],"wp:attachment":[{"href":"https:\/\/www.newsrecorder.ro\/app\/wp-json\/wp\/v2\/media?parent=15999"}],"wp:term":[{"taxonomy":"category","embeddable":true,"href":"https:\/\/www.newsrecorder.ro\/app\/wp-json\/wp\/v2\/categories?post=15999"},{"taxonomy":"post_tag","embeddable":true,"href":"https:\/\/www.newsrecorder.ro\/app\/wp-json\/wp\/v2\/tags?post=15999"}],"curies":[{"name":"wp","href":"https:\/\/api.w.org\/{rel}","templated":true}]}}