{"id":16001,"date":"2026-04-26T13:56:08","date_gmt":"2026-04-26T13:56:08","guid":{"rendered":"https:\/\/www.newsrecorder.ro\/app\/2026\/04\/26\/israelul-presedintele-respinge-iertarea-lui-netanyahu-in-ciuda-presiunilor\/"},"modified":"2026-04-26T13:56:08","modified_gmt":"2026-04-26T13:56:08","slug":"israelul-presedintele-respinge-iertarea-lui-netanyahu-in-ciuda-presiunilor","status":"publish","type":"post","link":"https:\/\/www.newsrecorder.ro\/app\/2026\/04\/26\/israelul-presedintele-respinge-iertarea-lui-netanyahu-in-ciuda-presiunilor\/","title":{"rendered":"Israelul: Pre\u0219edintele respinge iertarea lui Netanyahu, \u00een ciuda presiunilor"},"content":{"rendered":"<p>Pre\u0219edintele Israelului, Isaac Herzog, a decis c\u0103 nu inten\u021bioneaz\u0103 s\u0103-l gra\u021bieze pe premierul Benjamin Netanyahu, implicat \u00eentr-un scandal de corup\u021bie, conform unei informa\u021bii publicate de <a href=\"http:\/\/www.nytimes.com\/2026\/04\/26\/world\/middleeast\/israel-netanyahu-pardon-herzog\">The New York Times<\/a>, care citeaz\u0103 doi oficiali de rang \u00eenalt din Israel.<\/p>\n<p>Aceast\u0103 decizie vine pe fondul unor presiuni intense din partea Statelor Unite pentru ca Herzog s\u0103 acorde gra\u021bierea. Totu\u0219i, o surs\u0103 apropiat\u0103 pre\u0219edintelui a declarat c\u0103 Herzog continu\u0103 s\u0103-l sus\u021bin\u0103 pe Netanyahu, av\u00e2nd \u00een vedere c\u0103 exist\u0103 \u0219i alte op\u021biuni ce ar putea fi explorate.<\/p>\n<p>Pre\u0219edintele israelian, care \u00ee\u0219i concentreaz\u0103 mandatul pe promovarea unit\u0103\u021bii, ar prefera o abordare de mediere ce ar putea conduce la o eventual\u0103 recunoa\u0219tere a vinov\u0103\u021biei din partea premierului.<\/p>\n<p>\u00cen acest context, pre\u0219edintele american a exercitat presiuni asupra lui Herzog pentru a acorda gra\u021bierea, caracteriz\u00e2nd refuzul s\u0103u drept \u201eru\u0219inos\u201d \u0219i denumindu-l \u201eun tip slab \u0219i jalnic\u201d pentru decizia sa.<\/p>\n<p>Israelul este profund divizat pe aceast\u0103 tem\u0103, iar sondajele indic\u0103 faptul c\u0103 aproximativ jum\u0103tate dintre israelieni se opun unei gra\u021bieri. Diviziunile sunt \u00een mare parte politice, conservatorii manifest\u00e2nd o sus\u021binere mai mare pentru premierul Netanyahu.<\/p>\n<p>Oficialii au subliniat c\u0103 Herzog este con\u0219tient de tensiunile crescute din \u021bar\u0103, cauzate de conflictele din Gaza, Iran \u0219i Liban, dar \u0219i de apropierea alegerilor na\u021bionale, programate \u00een urm\u0103toarele \u0219ase luni.<\/p>\n<p>De\u0219i func\u021bia de pre\u0219edinte \u00een Israel are un caracter \u00een principal ceremonial, una dintre pu\u021binele sale atribu\u021bii este acordarea gra\u021bierilor. O decizie \u00een acest sens ar avea un impact semnificativ \u0219i ar putea defini at\u00e2t mo\u0219tenirea sa, c\u00e2t \u0219i pe cea a lui Netanyahu, influen\u021b\u00e2nd direc\u021bia viitoare a \u021b\u0103rii.<\/p>\n<p>Oficialii care au discutat despre planurile lui Herzog nu au oferit detalii despre posibilele contururi ale unui acord, subliniind c\u0103, \u00een prezent, p\u0103r\u021bile nu au acceptat nici m\u0103car ideea medierii.<\/p>\n<p>Un acord de recunoa\u0219tere a vinov\u0103\u021biei presupune, de obicei, admiterea faptelor de c\u0103tre inculpat \u0219i aplicarea unei sanc\u021biuni. Exper\u021bii juridici israelieni au declarat c\u0103 un astfel de acord ar trebui s\u0103 fie condi\u021bionat de demisia lui Netanyahu din func\u021bia public\u0103. P\u00e2n\u0103 acum, Netanyahu nu a dat semne c\u0103 ar fi dispus s\u0103 recunoasc\u0103 vreo fapt\u0103 sau s\u0103 se retrag\u0103 din via\u021ba politic\u0103.<\/p>\n<p>\u201eNetanyahu \u0219tie c\u0103 op\u021biunea unui acord de recunoa\u0219tere a vinov\u0103\u021biei este mereu disponibil\u0103 pentru el. Admiterea vinov\u0103\u021biei, exprimarea regretului \u0219i acceptarea retragerii \u2013 sau a neparticip\u0103rii la viitoarele alegeri \u2013 ar constitui esen\u021ba unui astfel de acord\u201d, a afirmat Yohanan Plesner, pre\u0219edintele Institutului Israelian pentru Democra\u021bie, un centru de cercetare independent din Ierusalim. \u201eDac\u0103 se renun\u021b\u0103 la o pedeaps\u0103 cu \u00eenchisoarea, acesta este minimul care ar trebui cerut.\u201d<\/p>\n","protected":false},"excerpt":{"rendered":"<p>Pre\u0219edintele Israelului, Isaac Herzog, a decis c\u0103 nu inten\u021bioneaz\u0103 s\u0103-l gra\u021bieze pe premierul Benjamin Netanyahu, implicat \u00eentr-un scandal de corup\u021bie, conform unei informa\u021bii publicate de The New York Times, care citeaz\u0103 doi oficiali de rang \u00eenalt din Israel. Aceast\u0103 decizie vine pe fondul unor presiuni intense din partea Statelor Unite pentru ca Herzog s\u0103 acorde [&hellip;]<\/p>\n","protected":false},"author":2,"featured_media":16002,"comment_status":"open","ping_status":"open","sticky":false,"template":"","format":"standard","meta":{"jnews-multi-image_gallery":[],"jnews_single_post":[],"jnews_primary_category":[],"jnews_override_counter":[],"footnotes":""},"categories":[41],"tags":[4456,1076,4193,4424,268,810,7094,2599],"class_list":["post-16001","post","type-post","status-publish","format-standard","has-post-thumbnail","hentry","category-externe","tag-benjamin-netanyahu","tag-coruptie","tag-gratiere","tag-isaac-herzog","tag-israel","tag-mediere","tag-presiuni","tag-unitate"],"_links":{"self":[{"href":"https:\/\/www.newsrecorder.ro\/app\/wp-json\/wp\/v2\/posts\/16001","targetHints":{"allow":["GET"]}}],"collection":[{"href":"https:\/\/www.newsrecorder.ro\/app\/wp-json\/wp\/v2\/posts"}],"about":[{"href":"https:\/\/www.newsrecorder.ro\/app\/wp-json\/wp\/v2\/types\/post"}],"author":[{"embeddable":true,"href":"https:\/\/www.newsrecorder.ro\/app\/wp-json\/wp\/v2\/users\/2"}],"replies":[{"embeddable":true,"href":"https:\/\/www.newsrecorder.ro\/app\/wp-json\/wp\/v2\/comments?post=16001"}],"version-history":[{"count":0,"href":"https:\/\/www.newsrecorder.ro\/app\/wp-json\/wp\/v2\/posts\/16001\/revisions"}],"wp:featuredmedia":[{"embeddable":true,"href":"https:\/\/www.newsrecorder.ro\/app\/wp-json\/wp\/v2\/media\/16002"}],"wp:attachment":[{"href":"https:\/\/www.newsrecorder.ro\/app\/wp-json\/wp\/v2\/media?parent=16001"}],"wp:term":[{"taxonomy":"category","embeddable":true,"href":"https:\/\/www.newsrecorder.ro\/app\/wp-json\/wp\/v2\/categories?post=16001"},{"taxonomy":"post_tag","embeddable":true,"href":"https:\/\/www.newsrecorder.ro\/app\/wp-json\/wp\/v2\/tags?post=16001"}],"curies":[{"name":"wp","href":"https:\/\/api.w.org\/{rel}","templated":true}]}}