{"id":16009,"date":"2026-04-26T13:57:11","date_gmt":"2026-04-26T13:57:11","guid":{"rendered":"https:\/\/www.newsrecorder.ro\/app\/2026\/04\/26\/maia-sandu-viziteaza-cernobil-cu-ocazia-a-40-de-ani-de-la-dezastru\/"},"modified":"2026-04-26T13:57:11","modified_gmt":"2026-04-26T13:57:11","slug":"maia-sandu-viziteaza-cernobil-cu-ocazia-a-40-de-ani-de-la-dezastru","status":"publish","type":"post","link":"https:\/\/www.newsrecorder.ro\/app\/2026\/04\/26\/maia-sandu-viziteaza-cernobil-cu-ocazia-a-40-de-ani-de-la-dezastru\/","title":{"rendered":"Maia Sandu viziteaz\u0103 Cernob\u00eel cu ocazia a 40 de ani de la dezastru"},"content":{"rendered":"<p>Pre\u0219edinta Republicii Moldova, Maia Sandu, a anun\u021bat c\u0103 va efectua o vizit\u0103 \u00een Ucraina, duminic\u0103, av\u00e2nd ca destina\u021bii Kievul \u0219i Cernob\u00eel.<\/p>\n<p>\u201e\u00cen aceast\u0103 diminea\u021b\u0103, c\u00e2nd ne aducem aminte de 40 de ani de la tragedia nuclear\u0103 de la Cernob\u00eel, m\u0103 voi \u00eent\u00e2lni cu Pre\u0219edintele Volodimir Zelenski \u00een Kiev \u0219i voi merge la Cernob\u00eel pentru a aduce un omagiu celor care \u0219i-au sacrificat s\u0103n\u0103tatea sau chiar via\u021ba pentru a proteja Europa de o tragedie \u0219i mai mare\u201d, a declarat Maia Sandu pe Facebook.<\/p>\n<p>Pre\u0219edinta a subliniat c\u0103 dezastrul din 1986 a demonstrat importan\u021ba solidarit\u0103\u021bii interna\u021bionale, un aspect esen\u021bial \u0219i \u00een prezent.<\/p>\n<p>\u201eAccidentul nuclear de la Cernob\u00eel ne-a ar\u0103tat c\u0103 dezastrele nu respect\u0103 frontiere, dar a eviden\u021biat \u0219i puterea solidarit\u0103\u021bii interna\u021bionale. Arcul ce se \u00eenal\u021b\u0103 deasupra reactorului contaminat este o dovad\u0103 c\u0103 na\u021biunile pot realiza lucruri extraordinare atunci c\u00e2nd colaboreaz\u0103. Avem nevoie de acelea\u0219i unitate \u0219i determinare acum \u2014 pentru a asigura pacea \u00een Europa. Republica Moldova \u00ee\u0219i g\u0103se\u0219te locul al\u0103turi de cei care aleg s\u0103 construiasc\u0103, nu s\u0103 distrug\u0103\u201d, a ad\u0103ugat Maia Sandu pe re\u021beaua de socializare.<\/p>\n<p>Pe 26 aprilie 1986, la ora 01:23, un reactor al centralei nucleare de la Cernob\u00eel a suferit o explozie devastatoare. De\u0219i incidentul a durat doar c\u00e2teva secunde, popula\u021bia nu a fost informat\u0103 oficial timp de aproximativ 65 de ore.<\/p>\n<p>Conform datelor oficiale, accidentul a provocat 31 de decese directe \u0219i a generat aproximativ 5.000 de cazuri de cancer asociate, precum \u0219i o rat\u0103 alarmant\u0103 de tulbur\u0103ri de stres post-traumatic.<\/p>\n<p>Pentru aproape trei zile, locuitorii din apropierea centralei \u0219i din \u00eentreaga Europ\u0103 nu au primit informa\u021bii, iar <a style=\"color: #0000ff\" href=\"https:\/\/www.mediafax.ro\/social\/cat-de-pregatite-sunt-autoritatile-pentru-gestionarea-unui-nou-cernobil-cum-a-reactionat-familia-ceausescu-si-care-sunt-lectiile-invatate-dupa-40-de-ani-23726148\" target=\"_blank\" rel=\"noopener\">primele semnale de alarm\u0103<\/a> au venit din afara Uniunii Sovietice, abia pe 28 aprilie diminea\u021ba, c\u00e2nd Suedia a detectat radia\u021bii anormale \u0219i a suspectat un accident nuclear \u00een URSS.<\/p>\n<p>Autorit\u0103\u021bile sovietice au recunoscut oficial incidentul abia \u00een seara zilei de 28 aprilie, la 65 de ore de la producerea acestuia, printr-un anun\u021b de doar 20 de secunde, f\u0103r\u0103 a oferi detalii suplimentare.<\/p>\n","protected":false},"excerpt":{"rendered":"<p>Pre\u0219edinta Republicii Moldova, Maia Sandu, a anun\u021bat c\u0103 va efectua o vizit\u0103 \u00een Ucraina, duminic\u0103, av\u00e2nd ca destina\u021bii Kievul \u0219i Cernob\u00eel. \u201e\u00cen aceast\u0103 diminea\u021b\u0103, c\u00e2nd ne aducem aminte de 40 de ani de la tragedia nuclear\u0103 de la Cernob\u00eel, m\u0103 voi \u00eent\u00e2lni cu Pre\u0219edintele Volodimir Zelenski \u00een Kiev \u0219i voi merge la Cernob\u00eel pentru a [&hellip;]<\/p>\n","protected":false},"author":2,"featured_media":16010,"comment_status":"open","ping_status":"open","sticky":false,"template":"","format":"standard","meta":{"jnews-multi-image_gallery":[],"jnews_single_post":[],"jnews_primary_category":[],"jnews_override_counter":[],"footnotes":""},"categories":[41],"tags":[5345,287,2076,285,18395,18394,682,1087],"class_list":["post-16009","post","type-post","status-publish","format-standard","has-post-thumbnail","hentry","category-externe","tag-cernobil","tag-maia-sandu","tag-omagiu","tag-republica-moldova","tag-solidaritate-internationala","tag-tragedie-nucleara","tag-ucraina","tag-volodimir-zelenski"],"_links":{"self":[{"href":"https:\/\/www.newsrecorder.ro\/app\/wp-json\/wp\/v2\/posts\/16009","targetHints":{"allow":["GET"]}}],"collection":[{"href":"https:\/\/www.newsrecorder.ro\/app\/wp-json\/wp\/v2\/posts"}],"about":[{"href":"https:\/\/www.newsrecorder.ro\/app\/wp-json\/wp\/v2\/types\/post"}],"author":[{"embeddable":true,"href":"https:\/\/www.newsrecorder.ro\/app\/wp-json\/wp\/v2\/users\/2"}],"replies":[{"embeddable":true,"href":"https:\/\/www.newsrecorder.ro\/app\/wp-json\/wp\/v2\/comments?post=16009"}],"version-history":[{"count":0,"href":"https:\/\/www.newsrecorder.ro\/app\/wp-json\/wp\/v2\/posts\/16009\/revisions"}],"wp:featuredmedia":[{"embeddable":true,"href":"https:\/\/www.newsrecorder.ro\/app\/wp-json\/wp\/v2\/media\/16010"}],"wp:attachment":[{"href":"https:\/\/www.newsrecorder.ro\/app\/wp-json\/wp\/v2\/media?parent=16009"}],"wp:term":[{"taxonomy":"category","embeddable":true,"href":"https:\/\/www.newsrecorder.ro\/app\/wp-json\/wp\/v2\/categories?post=16009"},{"taxonomy":"post_tag","embeddable":true,"href":"https:\/\/www.newsrecorder.ro\/app\/wp-json\/wp\/v2\/tags?post=16009"}],"curies":[{"name":"wp","href":"https:\/\/api.w.org\/{rel}","templated":true}]}}