{"id":1601,"date":"2026-02-04T11:09:57","date_gmt":"2026-02-04T11:09:57","guid":{"rendered":"https:\/\/www.newsrecorder.ro\/app\/2026\/02\/04\/frica-de-razboi-si-atacuri-cibernetice-uniunea-europeana-mai-unita\/"},"modified":"2026-02-04T11:09:57","modified_gmt":"2026-02-04T11:09:57","slug":"frica-de-razboi-si-atacuri-cibernetice-uniunea-europeana-mai-unita","status":"publish","type":"post","link":"https:\/\/www.newsrecorder.ro\/app\/2026\/02\/04\/frica-de-razboi-si-atacuri-cibernetice-uniunea-europeana-mai-unita\/","title":{"rendered":"Frica de r\u0103zboi \u0219i atacuri cibernetice: Uniunea European\u0103 mai unit\u0103?"},"content":{"rendered":"<p>Rezultatele unui recent sondaj Eurobarometru eviden\u021biaz\u0103 o preocupare crescut\u0103 a europenilor fa\u021b\u0103 de problemele de securitate, costul vie\u021bii \u0219i instabilitatea geopolitic\u0103, \u00een timp ce sprijinul pentru consolidarea rolului Uniunii Europene pe scena interna\u021bional\u0103 r\u0103m\u00e2ne puternic.<\/p>\n<p><strong>Securitatea, principala preocupare a europenilor<\/strong><\/p>\n<p>Conform datelor furnizate de Eurobarometru, problemele de securitate sunt cele mai presante pentru cet\u0103\u021benii europeni. Nu mai pu\u021bin de 72% dintre responden\u021bi men\u021bioneaz\u0103 conflictele din vecin\u0103tatea Uniunii Europene ca fiind o surs\u0103 major\u0103 de \u00eengrijorare. Alte teme importante includ terorismul (67%), atacurile cibernetice provenite din afara UE (66%), dezastrele naturale agravate de schimb\u0103rile climatice (66%) \u0219i migra\u021bia necontrolat\u0103 (65%).<\/p>\n<p>\u00cen plus, riscurile informa\u021bionale sunt percepute ca amenin\u021b\u0103ri semnificative. Dezinformarea (69%), discursul instigator la ur\u0103 (68%), con\u021binuturile false generate de inteligen\u021ba artificial\u0103 (68%) \u0219i protec\u021bia insuficient\u0103 a datelor (68%) sunt printre cele mai mari temeri exprimate de responden\u021bi.<\/p>\n<p id=\"caption-attachment-23681430\" class=\"wp-caption-text\">Sursa foto: europa.eu<\/p>\n<p><strong>Apel pentru o Uniune European\u0103 mai unit\u0103<\/strong><\/p>\n<p>Sondajul relev\u0103 un sprijin cople\u0219itor pentru unitatea Uniunii Europene, cu 89% dintre europeni afirm\u00e2nd c\u0103 statele membre trebuie s\u0103 colaboreze mai str\u00e2ns pentru a face fa\u021b\u0103 amenin\u021b\u0103rilor globale. De asemenea, 86% dintre responden\u021bi doresc ca UE s\u0103 aib\u0103 o voce mai puternic\u0103 pe plan interna\u021bional. \u00cen ceea ce prive\u0219te resursele, 73% dintre cet\u0103\u021beni sus\u021bin alocarea unor fonduri suplimentare pentru a \u00eent\u0103ri capacitatea de reac\u021bie a Uniunii.<\/p>\n<p>Cet\u0103\u021benii consider\u0103 c\u0103 priorit\u0103\u021bile Uniunii ar trebui s\u0103 se concentreze pe securitate \u0219i ap\u0103rare (40%), competitivitate economic\u0103 \u0219i industrial\u0103 (32%) \u0219i independen\u021b\u0103 energetic\u0103 (29%). Pre\u0219edinta Parlamentului European, Roberta Metsola, a subliniat importan\u021ba acestei unit\u0103\u021bi, afirm\u00e2nd c\u0103 \u201eEuropa este cel mai puternic scut al nostru\u201d.<\/p>\n<p>Intern, costul vie\u021bii r\u0103m\u00e2ne o preocupare major\u0103 pentru europeni, 41% dintre responden\u021bi indic\u00e2nd acest aspect. Economia \u0219i crearea de locuri de munc\u0103 sunt pe locul al doilea, cu 35%, o cre\u0219tere fa\u021b\u0103 de sondajele anterioare. De\u0219i majoritatea se a\u0219teapt\u0103 la un nivel de trai stabil \u00een urm\u0103torii cinci ani, 28% anticipeaz\u0103 o deteriorare, \u00een special \u00een \u021b\u0103rile cu economii mai fragili.<\/p>\n<p><strong>Sprijin \u00een cre\u0219tere pentru apartenen\u021ba la UE<\/strong><\/p>\n<p>\u00cen ciuda acestor \u00eengrijor\u0103ri, sprijinul pentru apartenen\u021ba la Uniunea European\u0103 se men\u021bine puternic. 62% dintre cet\u0103\u021beni consider\u0103 c\u0103 apartenen\u021ba la UE este benefic\u0103, iar tinerii cu v\u00e2rste \u00eentre 15 \u0219i 30 de ani manifest\u0103 un entuziasm deosebit pentru unitate, resurse sporite \u0219i influen\u021b\u0103 interna\u021bional\u0103 a Uniunii.<\/p>\n<p>Sondajul Eurobarometru a fost efectuat \u00eentre 6 \u0219i 30 noiembrie 2025, pe un e\u0219antion reprezentativ de 26.453 de responden\u021bi din toate cele 27 de state membre ale Uniunii Europene.<\/p>\n<p id=\"caption-attachment-23681429\" class=\"wp-caption-text\">Sursa foto: europa.eu<\/p>\n","protected":false},"excerpt":{"rendered":"<p>Rezultatele unui recent sondaj Eurobarometru eviden\u021biaz\u0103 o preocupare crescut\u0103 a europenilor fa\u021b\u0103 de problemele de securitate, costul vie\u021bii \u0219i instabilitatea geopolitic\u0103, \u00een timp ce sprijinul pentru consolidarea rolului Uniunii Europene pe scena interna\u021bional\u0103 r\u0103m\u00e2ne puternic. Securitatea, principala preocupare a europenilor Conform datelor furnizate de Eurobarometru, problemele de securitate sunt cele mai presante pentru cet\u0103\u021benii europeni. [&hellip;]<\/p>\n","protected":false},"author":2,"featured_media":1602,"comment_status":"open","ping_status":"open","sticky":false,"template":"","format":"standard","meta":{"jnews-multi-image_gallery":[],"jnews_single_post":[],"jnews_primary_category":[],"jnews_override_counter":[],"footnotes":""},"categories":[42],"tags":[424,883,2831,2828,2830,1430,874,2829],"class_list":["post-1601","post","type-post","status-publish","format-standard","has-post-thumbnail","hentry","category-politica","tag-atacuri-cibernetice","tag-dezastre-naturale","tag-dezinformare","tag-eurobarometru","tag-migratie","tag-probleme","tag-securitate","tag-terorism"],"_links":{"self":[{"href":"https:\/\/www.newsrecorder.ro\/app\/wp-json\/wp\/v2\/posts\/1601","targetHints":{"allow":["GET"]}}],"collection":[{"href":"https:\/\/www.newsrecorder.ro\/app\/wp-json\/wp\/v2\/posts"}],"about":[{"href":"https:\/\/www.newsrecorder.ro\/app\/wp-json\/wp\/v2\/types\/post"}],"author":[{"embeddable":true,"href":"https:\/\/www.newsrecorder.ro\/app\/wp-json\/wp\/v2\/users\/2"}],"replies":[{"embeddable":true,"href":"https:\/\/www.newsrecorder.ro\/app\/wp-json\/wp\/v2\/comments?post=1601"}],"version-history":[{"count":0,"href":"https:\/\/www.newsrecorder.ro\/app\/wp-json\/wp\/v2\/posts\/1601\/revisions"}],"wp:featuredmedia":[{"embeddable":true,"href":"https:\/\/www.newsrecorder.ro\/app\/wp-json\/wp\/v2\/media\/1602"}],"wp:attachment":[{"href":"https:\/\/www.newsrecorder.ro\/app\/wp-json\/wp\/v2\/media?parent=1601"}],"wp:term":[{"taxonomy":"category","embeddable":true,"href":"https:\/\/www.newsrecorder.ro\/app\/wp-json\/wp\/v2\/categories?post=1601"},{"taxonomy":"post_tag","embeddable":true,"href":"https:\/\/www.newsrecorder.ro\/app\/wp-json\/wp\/v2\/tags?post=1601"}],"curies":[{"name":"wp","href":"https:\/\/api.w.org\/{rel}","templated":true}]}}