{"id":16019,"date":"2026-04-26T17:15:11","date_gmt":"2026-04-26T17:15:11","guid":{"rendered":"https:\/\/www.newsrecorder.ro\/app\/2026\/04\/26\/bucurestiul-gazduieste-retroparada-primaverii-2026-masini-de-epoca-in-actiune\/"},"modified":"2026-04-26T17:15:11","modified_gmt":"2026-04-26T17:15:11","slug":"bucurestiul-gazduieste-retroparada-primaverii-2026-masini-de-epoca-in-actiune","status":"publish","type":"post","link":"https:\/\/www.newsrecorder.ro\/app\/2026\/04\/26\/bucurestiul-gazduieste-retroparada-primaverii-2026-masini-de-epoca-in-actiune\/","title":{"rendered":"Bucure\u0219tiul g\u0103zduie\u0219te \u201eRetroparada Prim\u0103verii 2026\u201d: ma\u0219ini de epoc\u0103 \u00een ac\u021biune!"},"content":{"rendered":"<p>Evenimentul deosebit aduce \u00een centrul aten\u021biei ma\u0219ini de epoc\u0103, fiecare av\u00e2nd propria poveste fascinant\u0103, \u0219i este deschis publicului f\u0103r\u0103 nicio tax\u0103 de intrare. Expozi\u021bia a fost conceput\u0103 ca o experien\u021b\u0103 captivant\u0103 pentru \u00eentreaga familie, oferind vizitatorilor oportunitatea de a explora modele clasice care au l\u0103sat o amprent\u0103 semnificativ\u0103 \u00een istoria automobilului.<\/p>\n<p>Retroparada va continua \u00een acela\u0219i weekend \u00een diverse ora\u0219e din \u021bar\u0103. De\u0219i unele dintre evenimentele planificate au avut deja loc \u00een luna aprilie, inclusiv s\u00e2mb\u0103t\u0103, \u00een <strong>Ploie\u0219ti, Ocnele Mari \u0219i Foc\u0219ani<\/strong>, duminica aduce noi oportunit\u0103\u021bi de a participa la aceast\u0103 s\u0103rb\u0103toare a automobilismului.<\/p>\n<p>\u00cen ziua de duminic\u0103, <strong>evenimentul va continua \u00een ora\u0219e precum Bucure\u0219ti, C\u00e2mpulung Muscel, Bra\u0219ov, Gala\u021bi, Deva \u0219i T\u00e2rgovi\u0219te<\/strong>, fiecare av\u00e2nd propriile intervale orare \u0219i loca\u021bii special dedicate expozi\u021biilor. \u00cen toate aceste ora\u0219e, programul va varia \u00eentre orele 09:00 \u0219i 16:00, iar accesul r\u0103m\u00e2ne gratuit.<\/p>\n<p>Astfel, at\u00e2t \u00een Capital\u0103, c\u00e2t \u0219i \u00een celelalte ora\u0219e participante, <strong>entuzia\u0219tii de automobile au ocazia s\u0103 admire zeci de vehicule istorice expuse \u00een spa\u021bii publice, \u00eentr-un eveniment na\u021bional dedicat patrimoniului auto.<\/strong><\/p>\n","protected":false},"excerpt":{"rendered":"<p>Evenimentul deosebit aduce \u00een centrul aten\u021biei ma\u0219ini de epoc\u0103, fiecare av\u00e2nd propria poveste fascinant\u0103, \u0219i este deschis publicului f\u0103r\u0103 nicio tax\u0103 de intrare. Expozi\u021bia a fost conceput\u0103 ca o experien\u021b\u0103 captivant\u0103 pentru \u00eentreaga familie, oferind vizitatorilor oportunitatea de a explora modele clasice care au l\u0103sat o amprent\u0103 semnificativ\u0103 \u00een istoria automobilului. Retroparada va continua \u00een [&hellip;]<\/p>\n","protected":false},"author":7,"featured_media":16020,"comment_status":"open","ping_status":"open","sticky":false,"template":"","format":"standard","meta":{"jnews-multi-image_gallery":[],"jnews_single_post":[],"jnews_primary_category":[],"jnews_override_counter":[],"footnotes":""},"categories":[43],"tags":[12230,1539,5810,812,873,18407,5379,18408],"class_list":["post-16019","post","type-post","status-publish","format-standard","has-post-thumbnail","hentry","category-cultura","tag-automobilism","tag-eveniment","tag-expozitie","tag-familie","tag-istorie","tag-masini-de-epoca","tag-orase","tag-retroparada"],"_links":{"self":[{"href":"https:\/\/www.newsrecorder.ro\/app\/wp-json\/wp\/v2\/posts\/16019","targetHints":{"allow":["GET"]}}],"collection":[{"href":"https:\/\/www.newsrecorder.ro\/app\/wp-json\/wp\/v2\/posts"}],"about":[{"href":"https:\/\/www.newsrecorder.ro\/app\/wp-json\/wp\/v2\/types\/post"}],"author":[{"embeddable":true,"href":"https:\/\/www.newsrecorder.ro\/app\/wp-json\/wp\/v2\/users\/7"}],"replies":[{"embeddable":true,"href":"https:\/\/www.newsrecorder.ro\/app\/wp-json\/wp\/v2\/comments?post=16019"}],"version-history":[{"count":0,"href":"https:\/\/www.newsrecorder.ro\/app\/wp-json\/wp\/v2\/posts\/16019\/revisions"}],"wp:featuredmedia":[{"embeddable":true,"href":"https:\/\/www.newsrecorder.ro\/app\/wp-json\/wp\/v2\/media\/16020"}],"wp:attachment":[{"href":"https:\/\/www.newsrecorder.ro\/app\/wp-json\/wp\/v2\/media?parent=16019"}],"wp:term":[{"taxonomy":"category","embeddable":true,"href":"https:\/\/www.newsrecorder.ro\/app\/wp-json\/wp\/v2\/categories?post=16019"},{"taxonomy":"post_tag","embeddable":true,"href":"https:\/\/www.newsrecorder.ro\/app\/wp-json\/wp\/v2\/tags?post=16019"}],"curies":[{"name":"wp","href":"https:\/\/api.w.org\/{rel}","templated":true}]}}