{"id":16021,"date":"2026-04-26T17:15:37","date_gmt":"2026-04-26T17:15:37","guid":{"rendered":"https:\/\/www.newsrecorder.ro\/app\/2026\/04\/26\/sotia-unui-miliardar-spaniol-il-acuza-ca-ascunde-un-tablou-de-velazquez\/"},"modified":"2026-04-26T17:15:37","modified_gmt":"2026-04-26T17:15:37","slug":"sotia-unui-miliardar-spaniol-il-acuza-ca-ascunde-un-tablou-de-velazquez","status":"publish","type":"post","link":"https:\/\/www.newsrecorder.ro\/app\/2026\/04\/26\/sotia-unui-miliardar-spaniol-il-acuza-ca-ascunde-un-tablou-de-velazquez\/","title":{"rendered":"So\u021bia unui miliardar spaniol \u00eel acuz\u0103 c\u0103 ascunde un tablou de Vel\u00e1zquez!"},"content":{"rendered":"<p>Divor\u021bul dintre un magnat al o\u021belului \u0219i fosta sa so\u021bie a captat aten\u021bia instan\u021belor din Madrid, cu un conflict centrat pe un tablou atribuit artistului Vel\u00e1zquez. Judec\u0103torul a decis ca aceast\u0103 oper\u0103 de art\u0103 s\u0103 fie p\u0103strat\u0103 temporar la Muzeul Prado, p\u00e2n\u0103 la \u00eencheierea procesului, un caz marcat de acuza\u021bii de \u00eensu\u0219ire necuvenit\u0103 \u0219i probleme fiscale, conform informa\u021biilor furnizate de <a href=\"\/elpais.com\/cultura\/2026-04-25\/divorcio-con-velazquez-un-juez-ordena-que-el-prado-custodie-un-valioso-lienzo-que-se-disputan-el-magnate-del-acero-aristrain-y-su-exesposa.html\" target=\"_blank\" rel=\"noopener\">El Pais<\/a>.<\/p>\n<p>\u00cen timp ce multe divor\u021buri implic\u0103 dispute privind animale de companie sau bunuri comune, acest caz este cu totul special, fiind vorba despre un tablou de Vel\u00e1zquez. Jos\u00e9 Mar\u00eda Aristrain de la Cruz, unul dintre cei mai boga\u021bi oameni din Spania, este acuzat de fosta sa so\u021bie c\u0103 ar fi p\u0103strat \u00een mod ilegal un tablou atribuit lui Vel\u00e1zquez \u00een re\u0219edin\u021ba sa din Madrid. Fosta so\u021bie sus\u021bine c\u0103 lucrarea este un cadou destinat ei \u0219i c\u0103, prin partaj, \u00eei revine \u00een mod legal, de\u0219i tabloul a r\u0103mas \u00een posesia magnatului.<\/p>\n<p>Surse apropiate cazului au declarat c\u0103 un judec\u0103tor din Madrid a ordonat Ministerului Culturii s\u0103 g\u0103seasc\u0103 un loc de depozitare pentru tablou p\u00e2n\u0103 la rezolvarea litigiului, iar Guvernul a optat pentru Muzeul Prado. De la 17 martie, pictura este depozitat\u0103 \u00een cadrul institu\u021biei.<\/p>\n<p>Un aspect remarcabil este c\u0103 acest tablou este unul dintre pu\u021binele lucr\u0103ri de Vel\u00e1zquez care se afl\u0103 \u00een m\u00e2ini private. \u00cen decembrie 2007, sala Retiro din Madrid a scos la licita\u021bie un portret al regelui Filip al IV-lea al Spaniei, o replic\u0103 cu varia\u021bii a celei expuse la Muzeul Prado. Monarhul este reprezentat \u00een picioare, \u00eembr\u0103cat \u00een negru, la aproximativ 20 de ani. Pre\u021bul de pornire era de 2,5 milioane de euro, sum\u0103 considerat\u0103 mic\u0103 pentru o lucrare de acest calibru, dar starea de conservare era precar\u0103, iar atribuirea lucr\u0103rii lui Vel\u00e1zquez a fost contestat\u0103.<\/p>\n<p>\u00cen ciuda \u00eendoielilor, casa de licita\u021bii a prezentat rapoarte ce atestau autenticitatea tabloului. \u00cen 2000, profesorul Peter Cherry de la Trinity College din Dublin a afirmat c\u0103 lucrarea con\u021bine detalii caracteristice stilului lui Vel\u00e1zquez. De asemenea, Carmen Garrido a sus\u021binut \u00een revista Goya c\u0103 portretul este o replic\u0103 autograf\u0103 a celui de la Prado, iar Alfonso P\u00e9rez S\u00e1nchez, fost director al muzeului, a considerat c\u0103 este o lucrare a artistului, de\u0219i deteriorat\u0103. Totu\u0219i, licita\u021bia a e\u0219uat, iar statul nu a f\u0103cut oferte.<\/p>\n<p>\u00cen 2015, tabloul a fost scos din nou la licita\u021bie de casa de art\u0103 Isbilya din Sevilla, cu un pre\u021b de pornire de 750.000 de euro. De aceast\u0103 dat\u0103, tabloul a fost achizi\u021bionat, iar cump\u0103r\u0103torul s-a dovedit a fi Gema Navarro, so\u021bia lui Aristrain, care avea deja o rela\u021bie cu acesta. Achizi\u021bia a fost realizat\u0103 cu banii lui Aristrain, \u00eentr-un moment \u00een care el era deja sub anchet\u0103 pentru fraud\u0103 fiscal\u0103.<\/p>\n<p>Pentru Aristrain, banii nu au fost niciodat\u0103 o problem\u0103. La 26 de ani, el a mo\u0219tenit o imens\u0103 avere \u0219i a dezvoltat o afacere de succes \u00een domeniul o\u021belului. N\u0103scut \u00een Argentina \u0219i crescut \u00een \u021aara Bascilor, Aristrain a reu\u0219it s\u0103 devin\u0103 unul dintre cei mai importan\u021bi contribuabili din Spania. Dup\u0103 o carier\u0103 plin\u0103 de succes, a fost implicat \u00eentr-un accident de elicopter \u00een 1986, care a dus la moartea sa subit\u0103.<\/p>\n<p>Fiul s\u0103u a preluat afacerea la o v\u00e2rst\u0103 fraged\u0103 \u0219i a continuat s\u0103 o dezvolte, av\u00e2nd o abordare discret\u0103 \u0219i puternic\u0103 \u00een ceea ce prive\u0219te securitatea. A intrat \u00een Aceralia \u00een 1997 \u0219i, \u00een 2006, a devenit ac\u021bionar al ArcelorMittal, una dintre cele mai mari companii siderurgice din lume, fiind clasat pe locul 10 \u00een topul celor mai boga\u021bi spanioli de c\u0103tre Forbes.<\/p>\n<p>Tabloul a devenit o parte din colec\u021bia sa de art\u0103, care include \u0219i automobile de lux, cum ar fi un Ferrari 250 GTO, \u0219i propriet\u0103\u021bi impresionante \u00een \u00eentreaga Spanie. Cu toate acestea, Aristrain a mutat reziden\u021ba fiscal\u0103 \u00een Gstaad, Elve\u021bia, iar opera\u021biunile sale au fost impozitate \u00een Luxemburg, ceea ce a atras aten\u021bia autorit\u0103\u021bilor fiscale spaniole.<\/p>\n<p>\u00cen 2011, Parchetul pentru Infrac\u021biuni Economice din Madrid a deschis o investiga\u021bie \u00eempotriva lui Aristrain, acuz\u00e2ndu-l c\u0103 a simulat reziden\u021ba \u00een afara Spaniei pentru a frauda statul cu 211 milioane de euro. Cazul a fost lung \u0219i complicat, iar \u00een 2023, Aristrain a fost adus \u00een instan\u021b\u0103, av\u00e2nd la dispozi\u021bie o echip\u0103 de avoca\u021bi de renume. El a declarat c\u0103 achizi\u021bia palatului din Elve\u021bia a inclus \u0219i o colec\u021bie de art\u0103 valoroas\u0103, ceea ce contrazicea acuza\u021biile de simulare a re\u0219edin\u021bei.<\/p>\n<p>\u00cen ciuda achit\u0103rii sale, Curtea Suprem\u0103 a dispus rejudecarea cazului, iar disputele legate de tabloul lui Filip al IV-lea au continuat. Aristrain s-a desp\u0103r\u021bit de Gema Navarro, iar divor\u021bul a dus la un litigiu complicat, inclusiv \u00een privin\u021ba pensiei pentru copilul lor. Tabloul a r\u0103mas \u00een palatul din Madrid, iar fosta so\u021bie a intentat o pl\u00e2ngere pentru \u00eensu\u0219ire necuvenit\u0103.<\/p>\n<p>Judec\u0103toria de Instruc\u021bie nr. 11 din Madrid a preluat cazul, iar pe 12 februarie, a solicitat Ministerului Culturii s\u0103 preia tabloul \u00een custodie, av\u00e2nd \u00een vedere importan\u021ba sa pentru patrimoniul istoric. Ministerul a decis ca tabloul s\u0103 fie depozitat la Muzeul Prado, iar pe 17 martie, lucrarea a fost transferat\u0103 acolo, marc\u00e2nd un nou capitol \u00een aceast\u0103 disput\u0103 legal\u0103.<\/p>\n","protected":false},"excerpt":{"rendered":"<p>Divor\u021bul dintre un magnat al o\u021belului \u0219i fosta sa so\u021bie a captat aten\u021bia instan\u021belor din Madrid, cu un conflict centrat pe un tablou atribuit artistului Vel\u00e1zquez. Judec\u0103torul a decis ca aceast\u0103 oper\u0103 de art\u0103 s\u0103 fie p\u0103strat\u0103 temporar la Muzeul Prado, p\u00e2n\u0103 la \u00eencheierea procesului, un caz marcat de acuza\u021bii de \u00eensu\u0219ire necuvenit\u0103 \u0219i probleme [&hellip;]<\/p>\n","protected":false},"author":7,"featured_media":16022,"comment_status":"open","ping_status":"open","sticky":false,"template":"","format":"standard","meta":{"jnews-multi-image_gallery":[],"jnews_single_post":[],"jnews_primary_category":[],"jnews_override_counter":[],"footnotes":""},"categories":[43],"tags":[643,7317,8989,18409,18413,18410,18412,18411],"class_list":["post-16021","post","type-post","status-publish","format-standard","has-post-thumbnail","hentry","category-cultura","tag-acuzatii","tag-divort","tag-instante","tag-magnat","tag-muzeul-prado","tag-otel","tag-tablou","tag-velazquez"],"_links":{"self":[{"href":"https:\/\/www.newsrecorder.ro\/app\/wp-json\/wp\/v2\/posts\/16021","targetHints":{"allow":["GET"]}}],"collection":[{"href":"https:\/\/www.newsrecorder.ro\/app\/wp-json\/wp\/v2\/posts"}],"about":[{"href":"https:\/\/www.newsrecorder.ro\/app\/wp-json\/wp\/v2\/types\/post"}],"author":[{"embeddable":true,"href":"https:\/\/www.newsrecorder.ro\/app\/wp-json\/wp\/v2\/users\/7"}],"replies":[{"embeddable":true,"href":"https:\/\/www.newsrecorder.ro\/app\/wp-json\/wp\/v2\/comments?post=16021"}],"version-history":[{"count":0,"href":"https:\/\/www.newsrecorder.ro\/app\/wp-json\/wp\/v2\/posts\/16021\/revisions"}],"wp:featuredmedia":[{"embeddable":true,"href":"https:\/\/www.newsrecorder.ro\/app\/wp-json\/wp\/v2\/media\/16022"}],"wp:attachment":[{"href":"https:\/\/www.newsrecorder.ro\/app\/wp-json\/wp\/v2\/media?parent=16021"}],"wp:term":[{"taxonomy":"category","embeddable":true,"href":"https:\/\/www.newsrecorder.ro\/app\/wp-json\/wp\/v2\/categories?post=16021"},{"taxonomy":"post_tag","embeddable":true,"href":"https:\/\/www.newsrecorder.ro\/app\/wp-json\/wp\/v2\/tags?post=16021"}],"curies":[{"name":"wp","href":"https:\/\/api.w.org\/{rel}","templated":true}]}}