{"id":1603,"date":"2026-02-04T11:10:13","date_gmt":"2026-02-04T11:10:13","guid":{"rendered":"https:\/\/www.newsrecorder.ro\/app\/2026\/02\/04\/prabusirea-turnului-din-cehu-silvaniei-politista-ranita-in-ancheta\/"},"modified":"2026-02-04T11:10:13","modified_gmt":"2026-02-04T11:10:13","slug":"prabusirea-turnului-din-cehu-silvaniei-politista-ranita-in-ancheta","status":"publish","type":"post","link":"https:\/\/www.newsrecorder.ro\/app\/2026\/02\/04\/prabusirea-turnului-din-cehu-silvaniei-politista-ranita-in-ancheta\/","title":{"rendered":"Pr\u0103bu\u0219irea turnului din Cehu Silvaniei: Poli\u021bist\u0103 r\u0103nit\u0103 \u00een anchet\u0103!"},"content":{"rendered":"<p>Autorit\u0103\u021bile competente au demarat o anchet\u0103 pentru a stabili cauzele pr\u0103bu\u0219irii unei p\u0103r\u021bi a Bisericii Reformate din Cehu Silvaniei, un monument istoric de grup\u0103 valoric\u0103 A, situat \u00een jude\u021bul S\u0103laj. Ministerul Culturii a comunicat c\u0103 se verific\u0103 inclusiv modul \u00een care se desf\u0103\u0219oar\u0103 lucr\u0103rile pe \u0219antierul din apropierea cl\u0103dirii.<\/p>\n<p>Incidentul a avut loc mar\u021bi seara, c\u00e2nd o por\u021biune din cl\u0103dire s-a pr\u0103bu\u0219it pe trotuar \u0219i pe o parte a carosabilului, zona fiind deja delimitat\u0103 ca \u0219antier \u00een lucru. \u00cen urma pr\u0103bu\u0219irii, mai multe echipe de interven\u021bie au fost mobilizate rapid la fa\u021ba locului pentru a gestiona situa\u021bia.<\/p>\n<p>Din nefericire, un incident a avut loc \u00een timpul interven\u021biei. O poli\u021bist\u0103 a fost r\u0103nit\u0103 \u00een timp ce \u00eencerca s\u0103 se \u00eendep\u0103rteze de zona afectat\u0103, fiind speriat\u0103 de zgomotul provocat de pr\u0103bu\u0219ire. Aceasta se \u00eendrepta spre sediul Poli\u021biei, situat \u00een apropierea bisericii, c\u00e2nd a c\u0103zut.<\/p>\n<p>\u00cencep\u00e2nd din 2025, Parohia Reformat\u0103 a ini\u021biat un proiect ambi\u021bios de reabilitare a monumentului, un demers ce beneficiaz\u0103 de finan\u021bare prin Timbrul Monumentelor Istorice, \u00een valoare de aproximativ 10 milioane lei. Proiectul prevede consolidarea structurii, restaurarea fa\u021badelor \u0219i a \u0219arpantei, precum \u0219i refacerea instala\u021biilor, av\u00e2nd scopul de a asigura durabilitatea \u0219i integritatea acestui important patrimoniu cultural.<\/p>\n","protected":false},"excerpt":{"rendered":"<p>Autorit\u0103\u021bile competente au demarat o anchet\u0103 pentru a stabili cauzele pr\u0103bu\u0219irii unei p\u0103r\u021bi a Bisericii Reformate din Cehu Silvaniei, un monument istoric de grup\u0103 valoric\u0103 A, situat \u00een jude\u021bul S\u0103laj. Ministerul Culturii a comunicat c\u0103 se verific\u0103 inclusiv modul \u00een care se desf\u0103\u0219oar\u0103 lucr\u0103rile pe \u0219antierul din apropierea cl\u0103dirii. Incidentul a avut loc mar\u021bi seara, [&hellip;]<\/p>\n","protected":false},"author":2,"featured_media":1604,"comment_status":"open","ping_status":"open","sticky":false,"template":"","format":"standard","meta":{"jnews-multi-image_gallery":[],"jnews_single_post":[],"jnews_primary_category":[],"jnews_override_counter":[],"footnotes":""},"categories":[42],"tags":[817,2832,2437,2834,2835,2836,505,2833],"class_list":["post-1603","post","type-post","status-publish","format-standard","has-post-thumbnail","hentry","category-politica","tag-ancheta","tag-biserica-reformata","tag-interventie","tag-judetul-salaj","tag-ministerul-culturii","tag-monument-istoric","tag-politie","tag-prabusire"],"_links":{"self":[{"href":"https:\/\/www.newsrecorder.ro\/app\/wp-json\/wp\/v2\/posts\/1603","targetHints":{"allow":["GET"]}}],"collection":[{"href":"https:\/\/www.newsrecorder.ro\/app\/wp-json\/wp\/v2\/posts"}],"about":[{"href":"https:\/\/www.newsrecorder.ro\/app\/wp-json\/wp\/v2\/types\/post"}],"author":[{"embeddable":true,"href":"https:\/\/www.newsrecorder.ro\/app\/wp-json\/wp\/v2\/users\/2"}],"replies":[{"embeddable":true,"href":"https:\/\/www.newsrecorder.ro\/app\/wp-json\/wp\/v2\/comments?post=1603"}],"version-history":[{"count":0,"href":"https:\/\/www.newsrecorder.ro\/app\/wp-json\/wp\/v2\/posts\/1603\/revisions"}],"wp:featuredmedia":[{"embeddable":true,"href":"https:\/\/www.newsrecorder.ro\/app\/wp-json\/wp\/v2\/media\/1604"}],"wp:attachment":[{"href":"https:\/\/www.newsrecorder.ro\/app\/wp-json\/wp\/v2\/media?parent=1603"}],"wp:term":[{"taxonomy":"category","embeddable":true,"href":"https:\/\/www.newsrecorder.ro\/app\/wp-json\/wp\/v2\/categories?post=1603"},{"taxonomy":"post_tag","embeddable":true,"href":"https:\/\/www.newsrecorder.ro\/app\/wp-json\/wp\/v2\/tags?post=1603"}],"curies":[{"name":"wp","href":"https:\/\/api.w.org\/{rel}","templated":true}]}}