{"id":16037,"date":"2026-04-26T19:07:24","date_gmt":"2026-04-26T19:07:24","guid":{"rendered":"https:\/\/www.newsrecorder.ro\/app\/2026\/04\/26\/bucuresti-frig-ploi-si-vant-puternic-pana-vineri-ce-ne-asteapta\/"},"modified":"2026-04-26T19:07:24","modified_gmt":"2026-04-26T19:07:24","slug":"bucuresti-frig-ploi-si-vant-puternic-pana-vineri-ce-ne-asteapta","status":"publish","type":"post","link":"https:\/\/www.newsrecorder.ro\/app\/2026\/04\/26\/bucuresti-frig-ploi-si-vant-puternic-pana-vineri-ce-ne-asteapta\/","title":{"rendered":"Bucure\u0219ti: Frig, ploi \u0219i v\u00e2nt puternic p\u00e2n\u0103 vineri! Ce ne a\u0219teapt\u0103?"},"content":{"rendered":"<p class=\"font-claude-response-body break-words whitespace-normal leading-[1.7]\"><a href=\"https:\/\/www.meteoromania.ro\/\" target=\"_blank\" rel=\"noopener\">Administra\u021bia Na\u021bional\u0103 de Meteorologie (ANM)<\/a> a publicat o informare meteo pentru Bucure\u0219ti, valabil\u0103 de pe 22 aprilie, ora 10:00, p\u00e2n\u0103 pe 24 aprilie, ora 10:00. Se preconizeaz\u0103 o vreme rece \u00een capital\u0103, cu intensific\u0103ri ale v\u00e2ntului.<\/p>\n<p><strong>Prognoza pentru miercuri, 22 aprilie: vreme rece \u0219i ploi u\u0219oare<\/strong><\/p>\n<p class=\"font-claude-response-body break-words whitespace-normal leading-[1.7]\"><a href=\"https:\/\/www.mediafax.ro\/meteo\/lapovita-bruma-vant-extrem-anm-emite-cod-portocaliu-de-vant-intr-o-regiune-a-romaniei-si-cod-galben-in-toata-tara-23724201\">Pentru aceast\u0103 dat\u0103, vremea se va men\u021bine rece<\/a>, cu cer temporar noros \u0219i \u0219anse de ploi slabe pe parcursul zilei.<\/p>\n<p class=\"font-claude-response-body break-words whitespace-normal leading-[1.7]\">V\u00e2ntul va sufla \u00een general slab p\u00e2n\u0103 la moderat, iar temperaturile vor varia, cu o maxim\u0103 de 13-15 grade Celsius \u0219i o minim\u0103 nocturn\u0103 ce se va situa \u00eentre 2 \u0219i 5 grade Celsius.<\/p>\n<p><strong>Prognoza pentru joi, 23 aprilie: temperaturi mai ridicate, dar v\u00e2nt puternic<\/strong><\/p>\n<p class=\"font-claude-response-body break-words whitespace-normal leading-[1.7]\">\u00cen ziua de joi, vremea se va \u00eembun\u0103t\u0103\u021bi, revenind la valori termice normale pentru sezon. Cerul va fi variabil, f\u0103r\u0103 precipita\u021bii semnificative.<\/p>\n<p class=\"font-claude-response-body break-words whitespace-normal leading-[1.7]\">Cu toate acestea, v\u00e2ntul va c\u00e2\u0219tiga intensitate, ating\u00e2nd viteze de 45-50 km\/h \u00een timpul zilei. Noaptea, intensitatea v\u00e2ntului va sc\u0103dea, revenind la un nivel slab \u0219i moderat. Temperatura maxim\u0103 va ajunge la 18-19 grade Celsius, iar minima va varia \u00eentre 4 \u0219i 7 grade Celsius.<\/p>\n","protected":false},"excerpt":{"rendered":"<p>Administra\u021bia Na\u021bional\u0103 de Meteorologie (ANM) a publicat o informare meteo pentru Bucure\u0219ti, valabil\u0103 de pe 22 aprilie, ora 10:00, p\u00e2n\u0103 pe 24 aprilie, ora 10:00. Se preconizeaz\u0103 o vreme rece \u00een capital\u0103, cu intensific\u0103ri ale v\u00e2ntului. Prognoza pentru miercuri, 22 aprilie: vreme rece \u0219i ploi u\u0219oare Pentru aceast\u0103 dat\u0103, vremea se va men\u021bine rece, cu [&hellip;]<\/p>\n","protected":false},"author":5,"featured_media":16038,"comment_status":"open","ping_status":"open","sticky":false,"template":"","format":"standard","meta":{"jnews-multi-image_gallery":[],"jnews_single_post":[],"jnews_primary_category":[],"jnews_override_counter":[],"footnotes":""},"categories":[45],"tags":[1816,1375,362,17918,141,126,994,139],"class_list":["post-16037","post","type-post","status-publish","format-standard","has-post-thumbnail","hentry","category-meteo","tag-administratia-nationala-de-meteorologie","tag-aprilie","tag-bucuresti","tag-ploi-usoare","tag-prognoza-meteo","tag-temperaturi","tag-vant-puternic","tag-vreme-rece"],"_links":{"self":[{"href":"https:\/\/www.newsrecorder.ro\/app\/wp-json\/wp\/v2\/posts\/16037","targetHints":{"allow":["GET"]}}],"collection":[{"href":"https:\/\/www.newsrecorder.ro\/app\/wp-json\/wp\/v2\/posts"}],"about":[{"href":"https:\/\/www.newsrecorder.ro\/app\/wp-json\/wp\/v2\/types\/post"}],"author":[{"embeddable":true,"href":"https:\/\/www.newsrecorder.ro\/app\/wp-json\/wp\/v2\/users\/5"}],"replies":[{"embeddable":true,"href":"https:\/\/www.newsrecorder.ro\/app\/wp-json\/wp\/v2\/comments?post=16037"}],"version-history":[{"count":0,"href":"https:\/\/www.newsrecorder.ro\/app\/wp-json\/wp\/v2\/posts\/16037\/revisions"}],"wp:featuredmedia":[{"embeddable":true,"href":"https:\/\/www.newsrecorder.ro\/app\/wp-json\/wp\/v2\/media\/16038"}],"wp:attachment":[{"href":"https:\/\/www.newsrecorder.ro\/app\/wp-json\/wp\/v2\/media?parent=16037"}],"wp:term":[{"taxonomy":"category","embeddable":true,"href":"https:\/\/www.newsrecorder.ro\/app\/wp-json\/wp\/v2\/categories?post=16037"},{"taxonomy":"post_tag","embeddable":true,"href":"https:\/\/www.newsrecorder.ro\/app\/wp-json\/wp\/v2\/tags?post=16037"}],"curies":[{"name":"wp","href":"https:\/\/api.w.org\/{rel}","templated":true}]}}