{"id":16041,"date":"2026-04-26T19:07:58","date_gmt":"2026-04-26T19:07:58","guid":{"rendered":"https:\/\/www.newsrecorder.ro\/app\/2026\/04\/26\/anomalii-meteorologice-ce-surprize-ne-aduce-vremea-intre-20-aprilie-18-mai\/"},"modified":"2026-04-26T19:07:58","modified_gmt":"2026-04-26T19:07:58","slug":"anomalii-meteorologice-ce-surprize-ne-aduce-vremea-intre-20-aprilie-18-mai","status":"publish","type":"post","link":"https:\/\/www.newsrecorder.ro\/app\/2026\/04\/26\/anomalii-meteorologice-ce-surprize-ne-aduce-vremea-intre-20-aprilie-18-mai\/","title":{"rendered":"Anomalii meteorologice: Ce surprize ne aduce vremea \u00eentre 20 aprilie \u2013 18 mai?"},"content":{"rendered":"<p class=\"font-claude-response-body break-words whitespace-normal leading-[1.7]\">\u00cen s\u0103pt\u0103m\u00e2na 20 &#8211; 27 aprilie, Rom\u00e2nia se va confrunta cu o surpriz\u0103 meteorologic\u0103, caracterizat\u0103 prin temperaturi semnificativ mai sc\u0103zute dec\u00e2t cele obi\u0219nuite pentru aceast\u0103 perioad\u0103, conform prognozei ANM. Aceast\u0103 r\u0103cire va afecta majoritatea regiunilor din \u021bar\u0103, aduc\u00e2nd un aer rece nea\u0219teptat.<\/p>\n<p class=\"font-claude-response-body break-words whitespace-normal leading-[1.7]\">\u00cen ceea ce prive\u0219te precipita\u021biile, se a\u0219teapt\u0103 ca acestea s\u0103 fie deficitare \u00een regiunile vestice, sud-vestice \u0219i sud-estice. Totu\u0219i, \u00een restul \u021b\u0103rii, cantit\u0103\u021bile de ap\u0103 vor fi conforme cu normele specifice acestei perioade.<\/p>\n<p class=\"font-claude-response-body break-words whitespace-normal leading-[1.7]\">Privind prognoza pentru perioada 27 aprilie &#8211; 4 mai, ANM anun\u021b\u0103 c\u0103 regimul termic va continua s\u0103 se men\u021bin\u0103 sub valorile climatologice obi\u0219nuite pe \u00eentreg teritoriul Rom\u00e2niei. \u00cen regiunile vestice \u0219i nord-vestice, precipita\u021biile se vor dovedi insuficiente, \u00een timp ce \u00een sud-est se preconizeaz\u0103 o u\u0219oar\u0103 excelen\u021b\u0103 \u00een privin\u021ba cantit\u0103\u021bilor de ap\u0103. \u00cen restul \u021b\u0103rii, precipita\u021biile se vor men\u021bine \u00een limite normale.<\/p>\n<p class=\"font-claude-response-body break-words whitespace-normal leading-[1.7]\">\u00cen s\u0103pt\u0103m\u00e2na 4 &#8211; 11 mai, se va observa o u\u0219oar\u0103 \u00eembun\u0103t\u0103\u021bire a vremii, cu temperaturi ce se vor apropia de normele specifice perioadei \u00een majoritatea regiunilor. Totu\u0219i, precipita\u021biile vor r\u0103m\u00e2ne deficitare, mai ales \u00een regiunile vestice \u0219i sud-vestice, \u00een timp ce \u00een alte zone cantit\u0103\u021bile de ap\u0103 vor fi \u00een conformitate cu a\u0219tept\u0103rile climatologice.<\/p>\n<p class=\"font-claude-response-body break-words whitespace-normal leading-[1.7]\">\u00cen cele din urm\u0103, s\u0103pt\u0103m\u00e2na 11 &#8211; 18 mai aduce o stabilizare a vremii, cu temperaturi apropiate de normal \u00een majoritatea regiunilor. ANM prezice c\u0103 precipita\u021biile vor fi, de asemenea, \u00een general normale pentru aceast\u0103 perioad\u0103, reflect\u00e2nd o tendin\u021b\u0103 de revenire la un climat mai obi\u0219nuit fa\u021b\u0103 de s\u0103pt\u0103m\u00e2nile anterioare.<\/p>\n","protected":false},"excerpt":{"rendered":"<p>\u00cen s\u0103pt\u0103m\u00e2na 20 &#8211; 27 aprilie, Rom\u00e2nia se va confrunta cu o surpriz\u0103 meteorologic\u0103, caracterizat\u0103 prin temperaturi semnificativ mai sc\u0103zute dec\u00e2t cele obi\u0219nuite pentru aceast\u0103 perioad\u0103, conform prognozei ANM. Aceast\u0103 r\u0103cire va afecta majoritatea regiunilor din \u021bar\u0103, aduc\u00e2nd un aer rece nea\u0219teptat. \u00cen ceea ce prive\u0219te precipita\u021biile, se a\u0219teapt\u0103 ca acestea s\u0103 fie deficitare \u00een [&hellip;]<\/p>\n","protected":false},"author":5,"featured_media":16042,"comment_status":"open","ping_status":"open","sticky":false,"template":"","format":"standard","meta":{"jnews-multi-image_gallery":[],"jnews_single_post":[],"jnews_primary_category":[],"jnews_override_counter":[],"footnotes":""},"categories":[45],"tags":[1375,133,135,132,1155,4034,149,126],"class_list":["post-16041","post","type-post","status-publish","format-standard","has-post-thumbnail","hentry","category-meteo","tag-aprilie","tag-meteorologie","tag-precipitatii","tag-prognoza","tag-racire","tag-regiuni","tag-romania","tag-temperaturi"],"_links":{"self":[{"href":"https:\/\/www.newsrecorder.ro\/app\/wp-json\/wp\/v2\/posts\/16041","targetHints":{"allow":["GET"]}}],"collection":[{"href":"https:\/\/www.newsrecorder.ro\/app\/wp-json\/wp\/v2\/posts"}],"about":[{"href":"https:\/\/www.newsrecorder.ro\/app\/wp-json\/wp\/v2\/types\/post"}],"author":[{"embeddable":true,"href":"https:\/\/www.newsrecorder.ro\/app\/wp-json\/wp\/v2\/users\/5"}],"replies":[{"embeddable":true,"href":"https:\/\/www.newsrecorder.ro\/app\/wp-json\/wp\/v2\/comments?post=16041"}],"version-history":[{"count":0,"href":"https:\/\/www.newsrecorder.ro\/app\/wp-json\/wp\/v2\/posts\/16041\/revisions"}],"wp:featuredmedia":[{"embeddable":true,"href":"https:\/\/www.newsrecorder.ro\/app\/wp-json\/wp\/v2\/media\/16042"}],"wp:attachment":[{"href":"https:\/\/www.newsrecorder.ro\/app\/wp-json\/wp\/v2\/media?parent=16041"}],"wp:term":[{"taxonomy":"category","embeddable":true,"href":"https:\/\/www.newsrecorder.ro\/app\/wp-json\/wp\/v2\/categories?post=16041"},{"taxonomy":"post_tag","embeddable":true,"href":"https:\/\/www.newsrecorder.ro\/app\/wp-json\/wp\/v2\/tags?post=16041"}],"curies":[{"name":"wp","href":"https:\/\/api.w.org\/{rel}","templated":true}]}}