{"id":16047,"date":"2026-04-26T19:09:03","date_gmt":"2026-04-26T19:09:03","guid":{"rendered":"https:\/\/www.newsrecorder.ro\/app\/2026\/04\/26\/vreme-extrema-in-romania-ploi-ninsori-si-vant-puternic-timp-de-3-zile\/"},"modified":"2026-04-26T19:09:03","modified_gmt":"2026-04-26T19:09:03","slug":"vreme-extrema-in-romania-ploi-ninsori-si-vant-puternic-timp-de-3-zile","status":"publish","type":"post","link":"https:\/\/www.newsrecorder.ro\/app\/2026\/04\/26\/vreme-extrema-in-romania-ploi-ninsori-si-vant-puternic-timp-de-3-zile\/","title":{"rendered":"Vreme extrem\u0103 \u00een Rom\u00e2nia: Ploi, ninsori \u0219i v\u00e2nt puternic timp de 3 zile!"},"content":{"rendered":"<p class=\"font-claude-response-body break-words whitespace-normal leading-[1.7]\"><a href=\"https:\/\/www.meteoromania.ro\/\" target=\"_blank\" rel=\"noopener\">Administra\u021bia Na\u021bional\u0103 de Meteorologie<\/a> a emis o avertizare referitoare la schimb\u0103rile meteorologice ce se vor produce \u00eencep\u00e2nd de luni. Aceast\u0103 informare este valabil\u0103 de la 20 aprilie, ora 10:00, p\u00e2n\u0103 pe 23 aprilie, ora 10:00.<\/p>\n<p class=\"font-claude-response-body break-words whitespace-normal leading-[1.7]\">\u00cen primele zile ale s\u0103pt\u0103m\u00e2nii, ploile \u0219i aversele vor afecta majoritatea regiunilor \u021b\u0103rii, cu prec\u0103dere Maramure\u0219ul, nordul Cri\u0219anei, Transilvania \u0219i Moldova. \u00cen noaptea de luni spre mar\u021bi, precipita\u021biile vor continua, iar mar\u021bi \u0219i miercuri se vor extinde \u0219i \u00een regiunile sudice \u0219i centrale.<\/p>\n<p class=\"font-claude-response-body break-words whitespace-normal leading-[1.7]\">Aversele vor fi \u00eenso\u021bite local de desc\u0103rc\u0103ri electrice, iar cantit\u0103\u021bile de ap\u0103 vor varia \u00eentre 15 \u0219i 20 l\/mp, dep\u0103\u0219ind, \u00een anumite zone restr\u00e2nse, 25\u201335 l\/mp. De asemenea, exist\u0103 posibilitatea c\u0103, izolat, s\u0103 cad\u0103 grindin\u0103.<\/p>\n<p class=\"font-claude-response-body break-words whitespace-normal leading-[1.7]\">La altitudini de peste 1.400 m, ninsorile vor deveni predominante, iar un nou strat de z\u0103pad\u0103 se va depune. Precipita\u021biile mixte, ce includ ploaie, lapovi\u021b\u0103 \u0219i ninsoare, vor fi \u00eent\u00e2lnite \u00een dealurile subcarpatice ale Moldovei, precum \u0219i \u00een estul \u0219i sud-estul Transilvaniei.<\/p>\n<p class=\"font-claude-response-body break-words whitespace-normal leading-[1.7]\">O prim\u0103 avertizare de cod galben referitoare la v\u00e2nt este \u00een vigoare luni, \u00eentre orele 12:00 \u0219i 22:00, viz\u00e2nd regiunile Dobrogea, vestul \u0219i sudul Olteniei, precum \u0219i vestul \u0219i sudul Transilvaniei.<\/p>\n<p class=\"font-claude-response-body break-words whitespace-normal leading-[1.7]\">\u00cen zonele de c\u00e2mpie \u0219i deal, viteza v\u00e2ntului va atinge valori de 50\u201365 km\/h, \u00een timp ce \u00een Mun\u021bii Apuseni, Carpa\u021bii Meridionali \u0219i Carpa\u021bii de Curbur\u0103, rafalele vor ajunge la 70\u201380 km\/h. Pe crestele \u00eenalte, v\u00e2ntul poate atinge temporar 90\u2013100 km\/h.<\/p>\n<p class=\"font-claude-response-body break-words whitespace-normal leading-[1.7]\">A doua avertizare de cod galben, referitoare la ninsori la munte, va fi activ\u0103 de luni seara, ora 21:00, p\u00e2n\u0103 miercuri, ora 21:00, \u0219i se va aplica pentru zona montan\u0103, \u00een special la altitudini de peste 1.400 m.<\/p>\n<p class=\"font-claude-response-body break-words whitespace-normal leading-[1.7]\">Ninsorile vor \u00eencepe \u00een Carpa\u021bii Orientali din seara zilei de luni, extinz\u00e2ndu-se mar\u021bi \u0219i miercuri \u00een \u00eentreaga zon\u0103 montan\u0103 \u00eenalt\u0103. Se estimeaz\u0103 ca stratul de z\u0103pad\u0103 s\u0103 ajung\u0103 la 10\u201315 cm, iar \u00een Carpa\u021bii Meridionali acest strat ar putea dep\u0103\u0219i 20\u201325 cm.<\/p>\n<p class=\"font-claude-response-body break-words whitespace-normal leading-[1.7]\">R\u0103cirea accentuat\u0103 este a\u0219teptat\u0103 mar\u021bi \u0219i miercuri, c\u00e2nd temperaturile vor \u00eenregistra sc\u0103deri semnificative fa\u021b\u0103 de normalul perioadei. \u00cen cursul nop\u021bilor, se va forma brum\u0103 \u00een special \u00een jum\u0103tatea de nord a \u021b\u0103rii \u0219i \u00een zonele de depresie.<\/p>\n","protected":false},"excerpt":{"rendered":"<p>Administra\u021bia Na\u021bional\u0103 de Meteorologie a emis o avertizare referitoare la schimb\u0103rile meteorologice ce se vor produce \u00eencep\u00e2nd de luni. Aceast\u0103 informare este valabil\u0103 de la 20 aprilie, ora 10:00, p\u00e2n\u0103 pe 23 aprilie, ora 10:00. \u00cen primele zile ale s\u0103pt\u0103m\u00e2nii, ploile \u0219i aversele vor afecta majoritatea regiunilor \u021b\u0103rii, cu prec\u0103dere Maramure\u0219ul, nordul Cri\u0219anei, Transilvania \u0219i [&hellip;]<\/p>\n","protected":false},"author":5,"featured_media":16048,"comment_status":"open","ping_status":"open","sticky":false,"template":"","format":"standard","meta":{"jnews-multi-image_gallery":[],"jnews_single_post":[],"jnews_primary_category":[],"jnews_override_counter":[],"footnotes":""},"categories":[45],"tags":[5380,6235,1563,14311,2516,127,12471,135],"class_list":["post-16047","post","type-post","status-publish","format-standard","has-post-thumbnail","hentry","category-meteo","tag-altitudine","tag-averse","tag-avertizare-meteorologica","tag-descarcari-electrice","tag-grindina","tag-ninsori","tag-ploi","tag-precipitatii"],"_links":{"self":[{"href":"https:\/\/www.newsrecorder.ro\/app\/wp-json\/wp\/v2\/posts\/16047","targetHints":{"allow":["GET"]}}],"collection":[{"href":"https:\/\/www.newsrecorder.ro\/app\/wp-json\/wp\/v2\/posts"}],"about":[{"href":"https:\/\/www.newsrecorder.ro\/app\/wp-json\/wp\/v2\/types\/post"}],"author":[{"embeddable":true,"href":"https:\/\/www.newsrecorder.ro\/app\/wp-json\/wp\/v2\/users\/5"}],"replies":[{"embeddable":true,"href":"https:\/\/www.newsrecorder.ro\/app\/wp-json\/wp\/v2\/comments?post=16047"}],"version-history":[{"count":0,"href":"https:\/\/www.newsrecorder.ro\/app\/wp-json\/wp\/v2\/posts\/16047\/revisions"}],"wp:featuredmedia":[{"embeddable":true,"href":"https:\/\/www.newsrecorder.ro\/app\/wp-json\/wp\/v2\/media\/16048"}],"wp:attachment":[{"href":"https:\/\/www.newsrecorder.ro\/app\/wp-json\/wp\/v2\/media?parent=16047"}],"wp:term":[{"taxonomy":"category","embeddable":true,"href":"https:\/\/www.newsrecorder.ro\/app\/wp-json\/wp\/v2\/categories?post=16047"},{"taxonomy":"post_tag","embeddable":true,"href":"https:\/\/www.newsrecorder.ro\/app\/wp-json\/wp\/v2\/tags?post=16047"}],"curies":[{"name":"wp","href":"https:\/\/api.w.org\/{rel}","templated":true}]}}