{"id":16071,"date":"2026-04-26T19:58:05","date_gmt":"2026-04-26T19:58:05","guid":{"rendered":"https:\/\/www.newsrecorder.ro\/app\/2026\/04\/26\/tudor-gheorghe-dezvaluie-sunt-bine-ultimele-noutati-despre-sanatatea-sa\/"},"modified":"2026-04-26T19:58:05","modified_gmt":"2026-04-26T19:58:05","slug":"tudor-gheorghe-dezvaluie-sunt-bine-ultimele-noutati-despre-sanatatea-sa","status":"publish","type":"post","link":"https:\/\/www.newsrecorder.ro\/app\/2026\/04\/26\/tudor-gheorghe-dezvaluie-sunt-bine-ultimele-noutati-despre-sanatatea-sa\/","title":{"rendered":"Tudor Gheorghe dezv\u0103luie: \u201eSunt bine!\u201d &#8211; Ultimele nout\u0103\u021bi despre s\u0103n\u0103tatea sa"},"content":{"rendered":"<p>Artistul Tudor Gheorghe a fost internat la spital \u00een seara zilei de joi, dup\u0103 un incident nefericit \u00een care a alunecat \u0219i a c\u0103zut \u00een baia hotelului din Ia\u0219i \u00een care se afla.<\/p>\n<p>Conform informa\u021biilor furnizate de poli\u021bi\u0219tii ie\u0219eni, artistul a fost transportat de urgen\u021b\u0103 la Spitalul Clinic de Urgen\u021b\u0103 \u201eProf. dr. N. Oblu\u201d, o unitate renumit\u0103 pentru specializarea sa \u00een neurochirurgie. Vineri diminea\u021ba, surse din cadrul personalului medical au declarat pentru <a href=\"https:\/\/www.mediafax.ro\/cultura-media\/tudor-gheorghe-dus-de-urgenta-la-spital-dupa-ce-a-cazut-in-baia-unui-hotel-23725675\">Mediafax<\/a> c\u0103 starea lui nu necesita \u00eengrijiri medicale de urgen\u021b\u0103 \u0219i nu era grav afectat\u0103.<\/p>\n<p>\u00cen urma acestui incident, Poli\u021bia din Ia\u0219i a demarat o anchet\u0103 pentru a clarifica circumstan\u021bele \u00een care s-a produs c\u0103derea artistului.<\/p>\n<p>\u00centr-o interven\u021bie video publicat\u0103 vineri, <a href=\"https:\/\/www.facebook.com\/share\/r\/1G9CBztYxL\/\" target=\"_blank\" rel=\"noopener\">Tudor Gheorghe<\/a> a dorit s\u0103 lini\u0219teasc\u0103 fanii, declar\u00e2nd c\u0103 se simte bine \u0219i c\u0103 nu se afl\u0103 \u00een pericol. De asemenea, el a dezmin\u021bit zvonurile ap\u0103rute \u00een mass-media, care sugerau c\u0103 ar fi fost \u00een stare grav\u0103 sau c\u0103 ar fi suferit un accident vascular cerebral.<\/p>\n<p>Reamintim c\u0103, la \u00eenceputul s\u0103pt\u0103m\u00e2nii, artistul a sus\u021binut un concert la Teatrul Na\u021bional \u201eVasile Alecsandri\u201d din Ia\u0219i, iar concertul programat pentru s\u00e2mb\u0103t\u0103, la Bac\u0103u, r\u0103m\u00e2ne \u00een continuare pe agenda sa.<\/p>\n","protected":false},"excerpt":{"rendered":"<p>Artistul Tudor Gheorghe a fost internat la spital \u00een seara zilei de joi, dup\u0103 un incident nefericit \u00een care a alunecat \u0219i a c\u0103zut \u00een baia hotelului din Ia\u0219i \u00een care se afla. Conform informa\u021biilor furnizate de poli\u021bi\u0219tii ie\u0219eni, artistul a fost transportat de urgen\u021b\u0103 la Spitalul Clinic de Urgen\u021b\u0103 \u201eProf. dr. N. Oblu\u201d, o [&hellip;]<\/p>\n","protected":false},"author":7,"featured_media":16072,"comment_status":"open","ping_status":"open","sticky":false,"template":"","format":"standard","meta":{"jnews-multi-image_gallery":[],"jnews_single_post":[],"jnews_primary_category":[],"jnews_override_counter":[],"footnotes":""},"categories":[43],"tags":[955,817,1233,1947,4640,18034,1855,18033],"class_list":["post-16071","post","type-post","status-publish","format-standard","has-post-thumbnail","hentry","category-cultura","tag-accident","tag-ancheta","tag-fani","tag-iasi","tag-mass-media","tag-neurochirurgie","tag-spital","tag-tudor-gheorghe"],"_links":{"self":[{"href":"https:\/\/www.newsrecorder.ro\/app\/wp-json\/wp\/v2\/posts\/16071","targetHints":{"allow":["GET"]}}],"collection":[{"href":"https:\/\/www.newsrecorder.ro\/app\/wp-json\/wp\/v2\/posts"}],"about":[{"href":"https:\/\/www.newsrecorder.ro\/app\/wp-json\/wp\/v2\/types\/post"}],"author":[{"embeddable":true,"href":"https:\/\/www.newsrecorder.ro\/app\/wp-json\/wp\/v2\/users\/7"}],"replies":[{"embeddable":true,"href":"https:\/\/www.newsrecorder.ro\/app\/wp-json\/wp\/v2\/comments?post=16071"}],"version-history":[{"count":0,"href":"https:\/\/www.newsrecorder.ro\/app\/wp-json\/wp\/v2\/posts\/16071\/revisions"}],"wp:featuredmedia":[{"embeddable":true,"href":"https:\/\/www.newsrecorder.ro\/app\/wp-json\/wp\/v2\/media\/16072"}],"wp:attachment":[{"href":"https:\/\/www.newsrecorder.ro\/app\/wp-json\/wp\/v2\/media?parent=16071"}],"wp:term":[{"taxonomy":"category","embeddable":true,"href":"https:\/\/www.newsrecorder.ro\/app\/wp-json\/wp\/v2\/categories?post=16071"},{"taxonomy":"post_tag","embeddable":true,"href":"https:\/\/www.newsrecorder.ro\/app\/wp-json\/wp\/v2\/tags?post=16071"}],"curies":[{"name":"wp","href":"https:\/\/api.w.org\/{rel}","templated":true}]}}