{"id":16073,"date":"2026-04-26T19:58:48","date_gmt":"2026-04-26T19:58:48","guid":{"rendered":"https:\/\/www.newsrecorder.ro\/app\/2026\/04\/26\/tudor-gheorghe-externat-dupa-un-accident-in-hotelul-din-iasi\/"},"modified":"2026-04-26T19:58:48","modified_gmt":"2026-04-26T19:58:48","slug":"tudor-gheorghe-externat-dupa-un-accident-in-hotelul-din-iasi","status":"publish","type":"post","link":"https:\/\/www.newsrecorder.ro\/app\/2026\/04\/26\/tudor-gheorghe-externat-dupa-un-accident-in-hotelul-din-iasi\/","title":{"rendered":"Tudor Gheorghe, externat dup\u0103 un accident \u00een hotelul din Ia\u0219i!"},"content":{"rendered":"<p><em><strong>UPDATE:<\/strong><\/em> Conform surselor medicale, artistul Tudor Gheorghe a fost externat din spitalul de Neurochirurgie din Ia\u0219i, unde a fost adus de urgen\u021b\u0103. Dup\u0103 ce a beneficiat de \u00eengrijirile necesare, acesta a fost l\u0103sat s\u0103 p\u0103r\u0103seasc\u0103 unitatea medical\u0103.<\/p>\n<p><em><strong>\u0218TIREA INI\u021aIAL\u0102:<\/strong><\/em> Tudor Gheorghe a fost transportat de o ambulan\u021b\u0103 la Spitalul Clinic de Urgen\u021b\u0103 \u201eProf. dr. N. Oblu\u201d din Ia\u0219i, o unitate specializat\u0103 \u00een Neurochirurgie, dup\u0103 ce a suferit o c\u0103dere \u00een baia hotelului \u00een care era cazat.<\/p>\n<p>\u00cen acest sens, poli\u021bia a deschis o anchet\u0103 pentru a clarifica \u00eemprejur\u0103rile incidentului.<\/p>\n<p><em><strong>\u201eLa data de 23 aprilie a.c., Sec\u021bia nr. 3 Poli\u021bie Ia\u0219i a fost sesizat\u0103, prin apel 112, de c\u0103tre un b\u0103rbat \u00een v\u00e2rst\u0103 de 52 de ani, care a raportat c\u0103 tat\u0103l s\u0103u, un b\u0103rbat de 80 de ani, a c\u0103zut \u0219i s-a lovit la cap \u00een incinta unui hotel din municipiul Ia\u0219i. La fa\u021ba locului au intervenit poli\u021bi\u0219tii \u0219i un echipaj medical, confirm\u00e2nd cele relatate, iar b\u0103rbatul de 80 de ani a fost transportat la o unitate medical\u0103 pentru \u00eengrijiri. Verific\u0103rile continu\u0103\u201d,<\/strong><\/em> a transmis vineri Poli\u021bia Ia\u0219i.<\/p>\n<p>Surse din domeniul medical au declarat pentru MEDIAFAX c\u0103 starea artistului nu este grav\u0103.<\/p>\n<p>Recent, Tudor Gheorghe a sus\u021binut un concert la Teatrul Na\u021bional Vasile Alecsandri din Ia\u0219i, iar \u00een urm\u0103toarea zi era programat s\u0103 performeze la Bac\u0103u.<\/p>\n","protected":false},"excerpt":{"rendered":"<p>UPDATE: Conform surselor medicale, artistul Tudor Gheorghe a fost externat din spitalul de Neurochirurgie din Ia\u0219i, unde a fost adus de urgen\u021b\u0103. Dup\u0103 ce a beneficiat de \u00eengrijirile necesare, acesta a fost l\u0103sat s\u0103 p\u0103r\u0103seasc\u0103 unitatea medical\u0103. \u0218TIREA INI\u021aIAL\u0102: Tudor Gheorghe a fost transportat de o ambulan\u021b\u0103 la Spitalul Clinic de Urgen\u021b\u0103 \u201eProf. dr. N. [&hellip;]<\/p>\n","protected":false},"author":7,"featured_media":16074,"comment_status":"open","ping_status":"open","sticky":false,"template":"","format":"standard","meta":{"jnews-multi-image_gallery":[],"jnews_single_post":[],"jnews_primary_category":[],"jnews_override_counter":[],"footnotes":""},"categories":[43],"tags":[3987,18100,1947,1355,5175,505,18430,18033],"class_list":["post-16073","post","type-post","status-publish","format-standard","has-post-thumbnail","hentry","category-cultura","tag-ambulanta","tag-cadere","tag-iasi","tag-incident","tag-ingrijiri-medicale","tag-politie","tag-spital-neurochirurgie","tag-tudor-gheorghe"],"_links":{"self":[{"href":"https:\/\/www.newsrecorder.ro\/app\/wp-json\/wp\/v2\/posts\/16073","targetHints":{"allow":["GET"]}}],"collection":[{"href":"https:\/\/www.newsrecorder.ro\/app\/wp-json\/wp\/v2\/posts"}],"about":[{"href":"https:\/\/www.newsrecorder.ro\/app\/wp-json\/wp\/v2\/types\/post"}],"author":[{"embeddable":true,"href":"https:\/\/www.newsrecorder.ro\/app\/wp-json\/wp\/v2\/users\/7"}],"replies":[{"embeddable":true,"href":"https:\/\/www.newsrecorder.ro\/app\/wp-json\/wp\/v2\/comments?post=16073"}],"version-history":[{"count":0,"href":"https:\/\/www.newsrecorder.ro\/app\/wp-json\/wp\/v2\/posts\/16073\/revisions"}],"wp:featuredmedia":[{"embeddable":true,"href":"https:\/\/www.newsrecorder.ro\/app\/wp-json\/wp\/v2\/media\/16074"}],"wp:attachment":[{"href":"https:\/\/www.newsrecorder.ro\/app\/wp-json\/wp\/v2\/media?parent=16073"}],"wp:term":[{"taxonomy":"category","embeddable":true,"href":"https:\/\/www.newsrecorder.ro\/app\/wp-json\/wp\/v2\/categories?post=16073"},{"taxonomy":"post_tag","embeddable":true,"href":"https:\/\/www.newsrecorder.ro\/app\/wp-json\/wp\/v2\/tags?post=16073"}],"curies":[{"name":"wp","href":"https:\/\/api.w.org\/{rel}","templated":true}]}}