{"id":16083,"date":"2026-04-26T20:25:46","date_gmt":"2026-04-26T20:25:46","guid":{"rendered":"https:\/\/www.newsrecorder.ro\/app\/2026\/04\/26\/32-de-licee-vor-testa-planuri-scolare-inovatoare-in-2026-2027\/"},"modified":"2026-04-26T20:25:46","modified_gmt":"2026-04-26T20:25:46","slug":"32-de-licee-vor-testa-planuri-scolare-inovatoare-in-2026-2027","status":"publish","type":"post","link":"https:\/\/www.newsrecorder.ro\/app\/2026\/04\/26\/32-de-licee-vor-testa-planuri-scolare-inovatoare-in-2026-2027\/","title":{"rendered":"32 de licee vor testa planuri \u0219colare inovatoare \u00een 2026-2027!"},"content":{"rendered":"<p>Ministerul Educa\u021biei din Rom\u00e2nia a f\u0103cut un anun\u021b important joi, prin intermediul re\u021belelor sociale, preciz\u00e2nd c\u0103 ministrul Mihai Dimian a semnat un ordin ce prevede ca 32 de licee din \u021bar\u0103 s\u0103 implementeze planuri-cadru alternative \u00eencep\u00e2nd cu anul \u0219colar 2026-2027.<\/p>\n<p>Conform informa\u021biilor furnizate de Minister, aceast\u0103 ini\u021biativ\u0103 este parte integrant\u0103 a Programului Na\u021bional destinat pilot\u0103rii sistemice a planurilor-cadru, av\u00e2nd \u00een vedere at\u00e2t \u00eenv\u0103\u021b\u0103m\u00e2ntul liceal de stat, c\u00e2t \u0219i pe cel particular \u0219i confesional.<\/p>\n<p>Ministerul subliniaz\u0103 importan\u021ba planului-cadru, considerat documentul fundamental ce define\u0219te structura procesului educa\u021bional. Acesta reglementeaz\u0103 disciplinele ce trebuie studiate \u0219i num\u0103rul de ore alocate fiec\u0103rei materii pe s\u0103pt\u0103m\u00e2n\u0103.<\/p>\n<p>Noile modele propuse aduc modific\u0103ri semnificative, \u00een special \u00een privin\u021ba flexibilit\u0103\u021bii \u0219i a rolului elevilor \u00een selec\u021bia materiilor de studiu. \u201eModelele propuse ofer\u0103 o mai mare flexibilitate \u00een organizarea disciplinelor pe an de studiu, a orelor dedicate acestora pe s\u0103pt\u0103m\u00e2n\u0103, inclusiv \u00een ceea ce prive\u0219te orarul elevilor\u201d, a comunicat Ministerul.<\/p>\n<p>Un alt aspect esen\u021bial este extinderea op\u021biunilor disponibile pentru elevi, prin dezvoltarea Curriculumului la Decizia Elevului din Oferta \u0218colii. Ministerul a subliniat c\u0103 se pune accent pe alegerile elevilor, extinz\u00e2nd curriculumul \u00een domenii precum comunicarea \u00een era digital\u0103, antreprenoriatul digital, robotic\u0103 \u0219i imprimare 3D, bioetic\u0103, inteligen\u021b\u0103 artificial\u0103 \u0219i stare de bine.<\/p>\n<p>Reprezentan\u021bii ministerului eviden\u021biaz\u0103 importan\u021ba implic\u0103rii \u0219colilor \u00een crearea propriilor planuri-cadru, subliniind c\u0103 acest demers este esen\u021bial pentru a r\u0103spunde nevoilor reale ale elevilor \u0219i comunit\u0103\u021bii locale. \u201eEste crucial ca \u0219coala s\u0103 se implice \u00een elaborarea propriului plan-cadru pentru a putea r\u0103spunde mai bine necesit\u0103\u021bilor comunit\u0103\u021bii \u0219colare\u201d, au afirmat ace\u0219tia.<\/p>\n<p>\u201ePlanurile-cadru alternative sunt concepute astfel \u00eenc\u00e2t s\u0103 asigure \u0219anse egale tuturor elevilor la examene \u0219i s\u0103 faciliteze atingerea competen\u021belor prev\u0103zute de legisla\u021bie\u201d, au ad\u0103ugat reprezentan\u021bii ministerului.<\/p>\n<p>De asemenea, Ministerul Educa\u021biei \u0219i Cercet\u0103rii a decis s\u0103 men\u021bin\u0103 deschis\u0103 lista unit\u0103\u021bilor de \u00eenv\u0103\u021b\u0103m\u00e2nt care doresc s\u0103 participe la programul de pilotare. P\u00e2n\u0103 la 31 mai 2026, liceele din Rom\u00e2nia interesate pot s\u0103 \u00ee\u0219i exprime inten\u021bia de a adera la program, cu condi\u021bia de a opta pentru unul dintre planurile-cadru deja aprobate prin acest ordin.<\/p>\n<p>Planurile-cadru alternative vor intra \u00een vigoare dup\u0103 ce vor fi publicate \u00een Monitorul Oficial, marc\u00e2nd astfel un pas important \u00een evolu\u021bia sistemului educa\u021bional din Rom\u00e2nia.<\/p>\n","protected":false},"excerpt":{"rendered":"<p>Ministerul Educa\u021biei din Rom\u00e2nia a f\u0103cut un anun\u021b important joi, prin intermediul re\u021belelor sociale, preciz\u00e2nd c\u0103 ministrul Mihai Dimian a semnat un ordin ce prevede ca 32 de licee din \u021bar\u0103 s\u0103 implementeze planuri-cadru alternative \u00eencep\u00e2nd cu anul \u0219colar 2026-2027. Conform informa\u021biilor furnizate de Minister, aceast\u0103 ini\u021biativ\u0103 este parte integrant\u0103 a Programului Na\u021bional destinat pilot\u0103rii [&hellip;]<\/p>\n","protected":false},"author":7,"featured_media":16084,"comment_status":"open","ping_status":"open","sticky":false,"template":"","format":"standard","meta":{"jnews-multi-image_gallery":[],"jnews_single_post":[],"jnews_primary_category":[],"jnews_override_counter":[],"footnotes":""},"categories":[43],"tags":[18281,266,2281,17884,9037,7596,17885,17887],"class_list":["post-16083","post","type-post","status-publish","format-standard","has-post-thumbnail","hentry","category-cultura","tag-anul-scolar-2026-2027","tag-educatie","tag-initiativa","tag-licee","tag-mihai-dimian","tag-ministerul-educatiei","tag-planuri-cadru","tag-reforma-educationala"],"_links":{"self":[{"href":"https:\/\/www.newsrecorder.ro\/app\/wp-json\/wp\/v2\/posts\/16083","targetHints":{"allow":["GET"]}}],"collection":[{"href":"https:\/\/www.newsrecorder.ro\/app\/wp-json\/wp\/v2\/posts"}],"about":[{"href":"https:\/\/www.newsrecorder.ro\/app\/wp-json\/wp\/v2\/types\/post"}],"author":[{"embeddable":true,"href":"https:\/\/www.newsrecorder.ro\/app\/wp-json\/wp\/v2\/users\/7"}],"replies":[{"embeddable":true,"href":"https:\/\/www.newsrecorder.ro\/app\/wp-json\/wp\/v2\/comments?post=16083"}],"version-history":[{"count":0,"href":"https:\/\/www.newsrecorder.ro\/app\/wp-json\/wp\/v2\/posts\/16083\/revisions"}],"wp:featuredmedia":[{"embeddable":true,"href":"https:\/\/www.newsrecorder.ro\/app\/wp-json\/wp\/v2\/media\/16084"}],"wp:attachment":[{"href":"https:\/\/www.newsrecorder.ro\/app\/wp-json\/wp\/v2\/media?parent=16083"}],"wp:term":[{"taxonomy":"category","embeddable":true,"href":"https:\/\/www.newsrecorder.ro\/app\/wp-json\/wp\/v2\/categories?post=16083"},{"taxonomy":"post_tag","embeddable":true,"href":"https:\/\/www.newsrecorder.ro\/app\/wp-json\/wp\/v2\/tags?post=16083"}],"curies":[{"name":"wp","href":"https:\/\/api.w.org\/{rel}","templated":true}]}}