{"id":16085,"date":"2026-04-26T20:26:00","date_gmt":"2026-04-26T20:26:00","guid":{"rendered":"https:\/\/www.newsrecorder.ro\/app\/2026\/04\/26\/rodeanu-urgenta-adoptarii-safe-dupa-prabusirea-dronei-la-galati\/"},"modified":"2026-04-26T20:26:00","modified_gmt":"2026-04-26T20:26:00","slug":"rodeanu-urgenta-adoptarii-safe-dupa-prabusirea-dronei-la-galati","status":"publish","type":"post","link":"https:\/\/www.newsrecorder.ro\/app\/2026\/04\/26\/rodeanu-urgenta-adoptarii-safe-dupa-prabusirea-dronei-la-galati\/","title":{"rendered":"Rodeanu: Urgen\u021ba adopt\u0103rii SAFE dup\u0103 pr\u0103bu\u0219irea dronei la Gala\u021bi!"},"content":{"rendered":"<p><em>\u201eSunt parlamentar de Gala\u021bi, iar incidentul de noaptea trecut\u0103 nu este o simpl\u0103 discu\u021bie teoretic\u0103 despre securitate, ci o realitate tr\u0103it\u0103 \u00een comunitatea noastr\u0103. Pr\u0103bu\u0219irea unei drone de tip Geran \u00eentr-o locuin\u021b\u0103 dintr-un cartier al ora\u0219ului subliniaz\u0103 c\u0103 acest r\u0103zboi nu se limiteaz\u0103 la grani\u021bele altor \u021b\u0103ri. (&#8230;) Doar printr-o minune, \u00eenc\u0103rc\u0103tura explozibil\u0103 nu a detonat, evit\u00e2nd astfel o tragedie cu pierderi de vie\u021bi omene\u0219ti,\u201d<\/em> a afirmat Rodeanu \u00eentr-o postare pe Facebook.<\/p>\n<p>Vicepre\u0219edintele Comisiei de Ap\u0103rare a subliniat c\u0103 Ministerul Ap\u0103r\u0103rii Na\u021bionale (MApN) \u201eare o prioritate foarte clar\u0103: rearanjarea \u0219i extinderea sistemelor de detec\u021bie \u0219i contracarare a dronelor, inclusiv \u00een zone care p\u00e2n\u0103 acum nu au fost direct vizate de astfel de incursiuni.\u201d El a ad\u0103ugat c\u0103 Rusia genereaz\u0103 noi riscuri care <em>\u201etrebuiesc gestionate rapid \u0219i responsabil.\u201d<\/em><\/p>\n<p><em>\u201eSus\u021binem implementarea mecanismelor SAFE, care se concentreaz\u0103 pe dezvoltarea \u0219i integrarea unor capabilit\u0103\u021bi moderne de detec\u021bie \u0219i interceptare, inclusiv prin produc\u021bie local\u0103 \u00een Rom\u00e2nia, utiliz\u00e2nd tehnologii de ultim\u0103 genera\u021bie deja testate \u00een condi\u021bii reale \u00een conflictul din Ucraina. Obiectivul nostru este simplu \u0219i direct: asigurarea unei acoperiri c\u00e2t mai complete a teritoriului Rom\u00e2niei \u0219i o capacitate real\u0103 de reac\u021bie,\u201d<\/em> a explicat Rodeanu.<\/p>\n<p>El a ad\u0103ugat c\u0103 \u201eeste esen\u021bial ca Programul SAFE s\u0103 fie aprobat rapid de Parlament, f\u0103r\u0103 \u00eent\u00e2rzieri,\u201d \u0219i a subliniat importan\u021ba unei guvern\u0103ri eficiente din partea mini\u0219trilor Ap\u0103r\u0103rii \u0219i Economiei pentru a transforma aceste proiecte din faza de planificare \u00een cea de finalizare \u0219i implementare.<\/p>\n<p>\u201eAceasta nu este o chestiune politic\u0103. Este vorba despre siguran\u021ba oamenilor,\u201d a concluzionat vicepre\u0219edintele Comisiei de Ap\u0103rare a Camerei Deputa\u021bilor.<\/p>\n","protected":false},"excerpt":{"rendered":"<p>\u201eSunt parlamentar de Gala\u021bi, iar incidentul de noaptea trecut\u0103 nu este o simpl\u0103 discu\u021bie teoretic\u0103 despre securitate, ci o realitate tr\u0103it\u0103 \u00een comunitatea noastr\u0103. Pr\u0103bu\u0219irea unei drone de tip Geran \u00eentr-o locuin\u021b\u0103 dintr-un cartier al ora\u0219ului subliniaz\u0103 c\u0103 acest r\u0103zboi nu se limiteaz\u0103 la grani\u021bele altor \u021b\u0103ri. (&#8230;) Doar printr-o minune, \u00eenc\u0103rc\u0103tura explozibil\u0103 nu a [&hellip;]<\/p>\n","protected":false},"author":2,"featured_media":16086,"comment_status":"open","ping_status":"open","sticky":false,"template":"","format":"standard","meta":{"jnews-multi-image_gallery":[],"jnews_single_post":[],"jnews_primary_category":[],"jnews_override_counter":[],"footnotes":""},"categories":[42],"tags":[409,1043,3776,3023,88,472,681,874],"class_list":["post-16085","post","type-post","status-publish","format-standard","has-post-thumbnail","hentry","category-politica","tag-aparare","tag-comunitate","tag-drona","tag-galati","tag-incidente","tag-ministerul-apararii","tag-rusia","tag-securitate"],"_links":{"self":[{"href":"https:\/\/www.newsrecorder.ro\/app\/wp-json\/wp\/v2\/posts\/16085","targetHints":{"allow":["GET"]}}],"collection":[{"href":"https:\/\/www.newsrecorder.ro\/app\/wp-json\/wp\/v2\/posts"}],"about":[{"href":"https:\/\/www.newsrecorder.ro\/app\/wp-json\/wp\/v2\/types\/post"}],"author":[{"embeddable":true,"href":"https:\/\/www.newsrecorder.ro\/app\/wp-json\/wp\/v2\/users\/2"}],"replies":[{"embeddable":true,"href":"https:\/\/www.newsrecorder.ro\/app\/wp-json\/wp\/v2\/comments?post=16085"}],"version-history":[{"count":0,"href":"https:\/\/www.newsrecorder.ro\/app\/wp-json\/wp\/v2\/posts\/16085\/revisions"}],"wp:featuredmedia":[{"embeddable":true,"href":"https:\/\/www.newsrecorder.ro\/app\/wp-json\/wp\/v2\/media\/16086"}],"wp:attachment":[{"href":"https:\/\/www.newsrecorder.ro\/app\/wp-json\/wp\/v2\/media?parent=16085"}],"wp:term":[{"taxonomy":"category","embeddable":true,"href":"https:\/\/www.newsrecorder.ro\/app\/wp-json\/wp\/v2\/categories?post=16085"},{"taxonomy":"post_tag","embeddable":true,"href":"https:\/\/www.newsrecorder.ro\/app\/wp-json\/wp\/v2\/tags?post=16085"}],"curies":[{"name":"wp","href":"https:\/\/api.w.org\/{rel}","templated":true}]}}