{"id":16087,"date":"2026-04-26T20:26:15","date_gmt":"2026-04-26T20:26:15","guid":{"rendered":"https:\/\/www.newsrecorder.ro\/app\/2026\/04\/26\/mae-solicita-rusiei-opriti-atacurile-asupra-ucrainei-la-granita\/"},"modified":"2026-04-26T20:26:15","modified_gmt":"2026-04-26T20:26:15","slug":"mae-solicita-rusiei-opriti-atacurile-asupra-ucrainei-la-granita","status":"publish","type":"post","link":"https:\/\/www.newsrecorder.ro\/app\/2026\/04\/26\/mae-solicita-rusiei-opriti-atacurile-asupra-ucrainei-la-granita\/","title":{"rendered":"MAE solicit\u0103 Rusiei: Opri\u021bi atacurile asupra Ucrainei la grani\u021b\u0103!"},"content":{"rendered":"<p>Conform unui comunicat emis de Ministerul Afacerilor Externe (MAE), ambasadorul Federa\u021biei Ruse la Bucure\u0219ti a fost convocat s\u00e2mb\u0103t\u0103 la sediul ministerului, \u00een contextul unei grave <a style=\"color: #0000ff\" href=\"https:\/\/www.mediafax.ro\/social\/pagube-in-galati-dupa-caderea-unor-fragmente-de-drona-ruseasca-atac-masiv-al-rusiei-la-granita-avioane-eurofighter-typhoon-ridicate-23726269\" target=\"_blank\" rel=\"noopener\">\u00eenc\u0103lc\u0103ri a spa\u021biului aerian<\/a>. Incidentul a fost provocat de o dron\u0103 ruseasc\u0103, care transporta o \u00eenc\u0103rc\u0103tur\u0103 exploziv\u0103 \u0219i care a c\u0103zut, \u00een timpul nop\u021bii, \u00eentr-o zon\u0103 locuit\u0103 din municipiul Gala\u021bi.<\/p>\n<p>MAE a condamnat ferm acest act, subliniind c\u0103 reprezint\u0103 o \u00eenc\u0103lcare grav\u0103 a suveranit\u0103\u021bii Rom\u00e2niei \u0219i o escaladare serioas\u0103 a situa\u021biei de securitate \u00een regiune. Ministerul a exprimat, de asemenea, \u00eengrijorarea fa\u021b\u0103 de riscurile considerabile pe care acest incident le prezint\u0103 pentru siguran\u021ba cet\u0103\u021benilor rom\u00e2ni.<\/p>\n<p>\u00cen plus, Rom\u00e2nia a reiterat apelul c\u0103tre Rusia de a pune cap\u0103t atacurilor asupra Ucrainei, inclusiv asupra infrastructurii civile din apropierea frontierei cu Rom\u00e2nia.<\/p>\n<p>\u00cen cadrul \u00eent\u00e2lnirii cu ambasadorul rus, MAE a subliniat responsabilitatea exclusiv\u0103 a Federa\u021biei Ruse \u00een ceea ce prive\u0219te r\u0103zboiul de agresiune \u00eempotriva Ucrainei. Comunicatul a eviden\u021biat faptul c\u0103 Rusia continu\u0103 s\u0103 \u00eencalce flagrant \u0219i sistematic obliga\u021biile interna\u021bionale referitoare la respectarea suveranit\u0103\u021bii \u0219i integrit\u0103\u021bii teritoriale, precum \u0219i la men\u021binerea securit\u0103\u021bii \u0219i p\u0103cii.<\/p>\n<p>MAE a subliniat c\u0103 agresiunea \u0219i r\u0103zboiul ilegal pe care Rusia le desf\u0103\u0219oar\u0103 de mai bine de patru ani \u00eempotriva unui stat suveran constituie o amenin\u021bare constant\u0103 \u0219i grav\u0103, nu doar pentru Ucraina, ci pentru \u00eentreaga regiune a M\u0103rii Negre.<\/p>\n","protected":false},"excerpt":{"rendered":"<p>Conform unui comunicat emis de Ministerul Afacerilor Externe (MAE), ambasadorul Federa\u021biei Ruse la Bucure\u0219ti a fost convocat s\u00e2mb\u0103t\u0103 la sediul ministerului, \u00een contextul unei grave \u00eenc\u0103lc\u0103ri a spa\u021biului aerian. Incidentul a fost provocat de o dron\u0103 ruseasc\u0103, care transporta o \u00eenc\u0103rc\u0103tur\u0103 exploziv\u0103 \u0219i care a c\u0103zut, \u00een timpul nop\u021bii, \u00eentr-o zon\u0103 locuit\u0103 din municipiul Gala\u021bi. [&hellip;]<\/p>\n","protected":false},"author":2,"featured_media":16088,"comment_status":"open","ping_status":"open","sticky":false,"template":"","format":"standard","meta":{"jnews-multi-image_gallery":[],"jnews_single_post":[],"jnews_primary_category":[],"jnews_override_counter":[],"footnotes":""},"categories":[42],"tags":[3776,3023,18238,149,681,874,917,682],"class_list":["post-16087","post","type-post","status-publish","format-standard","has-post-thumbnail","hentry","category-politica","tag-drona","tag-galati","tag-incalcare","tag-romania","tag-rusia","tag-securitate","tag-suveranitate","tag-ucraina"],"_links":{"self":[{"href":"https:\/\/www.newsrecorder.ro\/app\/wp-json\/wp\/v2\/posts\/16087","targetHints":{"allow":["GET"]}}],"collection":[{"href":"https:\/\/www.newsrecorder.ro\/app\/wp-json\/wp\/v2\/posts"}],"about":[{"href":"https:\/\/www.newsrecorder.ro\/app\/wp-json\/wp\/v2\/types\/post"}],"author":[{"embeddable":true,"href":"https:\/\/www.newsrecorder.ro\/app\/wp-json\/wp\/v2\/users\/2"}],"replies":[{"embeddable":true,"href":"https:\/\/www.newsrecorder.ro\/app\/wp-json\/wp\/v2\/comments?post=16087"}],"version-history":[{"count":0,"href":"https:\/\/www.newsrecorder.ro\/app\/wp-json\/wp\/v2\/posts\/16087\/revisions"}],"wp:featuredmedia":[{"embeddable":true,"href":"https:\/\/www.newsrecorder.ro\/app\/wp-json\/wp\/v2\/media\/16088"}],"wp:attachment":[{"href":"https:\/\/www.newsrecorder.ro\/app\/wp-json\/wp\/v2\/media?parent=16087"}],"wp:term":[{"taxonomy":"category","embeddable":true,"href":"https:\/\/www.newsrecorder.ro\/app\/wp-json\/wp\/v2\/categories?post=16087"},{"taxonomy":"post_tag","embeddable":true,"href":"https:\/\/www.newsrecorder.ro\/app\/wp-json\/wp\/v2\/tags?post=16087"}],"curies":[{"name":"wp","href":"https:\/\/api.w.org\/{rel}","templated":true}]}}