{"id":16089,"date":"2026-04-26T20:26:29","date_gmt":"2026-04-26T20:26:29","guid":{"rendered":"https:\/\/www.newsrecorder.ro\/app\/2026\/04\/26\/pislaru-noua-lege-a-salarizarii-va-tine-cont-de-realitatile-bugetare\/"},"modified":"2026-04-26T20:26:29","modified_gmt":"2026-04-26T20:26:29","slug":"pislaru-noua-lege-a-salarizarii-va-tine-cont-de-realitatile-bugetare","status":"publish","type":"post","link":"https:\/\/www.newsrecorder.ro\/app\/2026\/04\/26\/pislaru-noua-lege-a-salarizarii-va-tine-cont-de-realitatile-bugetare\/","title":{"rendered":"P\u00eeslaru: Noua Lege a Salariz\u0103rii va \u021bine cont de realit\u0103\u021bile bugetare!"},"content":{"rendered":"<p><em>\u201eDup\u0103 preluarea mandatului, ne angaj\u0103m s\u0103 asigur\u0103m transparen\u021ba \u0219i dialogul social, astfel \u00eenc\u00e2t s\u0103 putem adopta cea mai bun\u0103 versiune posibil\u0103 a acestui act important. Forma final\u0103 va reflecta condi\u021biile spa\u021biului bugetar-fiscal existent \u0219i va fi realizat\u0103 \u00een str\u00e2ns\u0103 colaborare cu Ministerul Finan\u021belor Publice\u201d,<\/em> a declarat P\u00eeslaru.<\/p>\n<p>Ministrul Muncii a subliniat importan\u021ba salariz\u0103rii unitare, eviden\u021biind rolul s\u0103u esen\u021bial \u00een combaterea inechit\u0103\u021bilor din sectorul public \u0219i \u00een modernizarea acestuia \u00een Rom\u00e2nia.<\/p>\n<p>P\u00eeslaru va prelua oficial mandatul la Ministerul Muncii \u00eencep\u00e2nd cu ziua de luni. <em>\u201eVoi prelua efectiv mandatul de ministru interimar al Muncii \u00een cursul zilei de luni, odat\u0103 cu publicarea \u00een Monitorul Oficial a decretelor semnate de pre\u0219edintele Nicu\u0219or Dan\u201d,<\/em> a precizat el.<\/p>\n<p>Conform <a href=\"https:\/\/www.mediafax.ro\/economic\/economedia-proiectul-legii-salarizarii-bugetarilor-prevede-taierea-unor-sporuri-precum-indemnizatia-de-hrana-si-sporul-pentru-conditii-vatamatoare-23725931\" target=\"_blank\" rel=\"noopener\">Economedia<\/a>, proiectul noii legi a salariz\u0103rii bugetare este \u00een continuare \u00een desf\u0103\u0219urare. Acesta a fost elaborat de fostul ministru al Muncii din partea PSD, Florin Manole. Noul proiect preconizeaz\u0103 limitarea sporurilor \u0219i eliminarea unor beneficii, precum indemniza\u021bia de hran\u0103 \u0219i sporul pentru condi\u021bii v\u0103t\u0103m\u0103toare, conform documentului ob\u021binut de sursa men\u021bionat\u0103.<\/p>\n","protected":false},"excerpt":{"rendered":"<p>\u201eDup\u0103 preluarea mandatului, ne angaj\u0103m s\u0103 asigur\u0103m transparen\u021ba \u0219i dialogul social, astfel \u00eenc\u00e2t s\u0103 putem adopta cea mai bun\u0103 versiune posibil\u0103 a acestui act important. Forma final\u0103 va reflecta condi\u021biile spa\u021biului bugetar-fiscal existent \u0219i va fi realizat\u0103 \u00een str\u00e2ns\u0103 colaborare cu Ministerul Finan\u021belor Publice\u201d, a declarat P\u00eeslaru. Ministrul Muncii a subliniat importan\u021ba salariz\u0103rii unitare, eviden\u021biind [&hellip;]<\/p>\n","protected":false},"author":2,"featured_media":16090,"comment_status":"open","ping_status":"open","sticky":false,"template":"","format":"standard","meta":{"jnews-multi-image_gallery":[],"jnews_single_post":[],"jnews_primary_category":[],"jnews_override_counter":[],"footnotes":""},"categories":[42],"tags":[18434,3890,7966,538,149,18239,664,1842],"class_list":["post-16089","post","type-post","status-publish","format-standard","has-post-thumbnail","hentry","category-politica","tag-bugetar","tag-dialog-social","tag-inechitati","tag-ministerul-muncii","tag-romania","tag-salarizare-unitara","tag-sector-public","tag-transparenta"],"_links":{"self":[{"href":"https:\/\/www.newsrecorder.ro\/app\/wp-json\/wp\/v2\/posts\/16089","targetHints":{"allow":["GET"]}}],"collection":[{"href":"https:\/\/www.newsrecorder.ro\/app\/wp-json\/wp\/v2\/posts"}],"about":[{"href":"https:\/\/www.newsrecorder.ro\/app\/wp-json\/wp\/v2\/types\/post"}],"author":[{"embeddable":true,"href":"https:\/\/www.newsrecorder.ro\/app\/wp-json\/wp\/v2\/users\/2"}],"replies":[{"embeddable":true,"href":"https:\/\/www.newsrecorder.ro\/app\/wp-json\/wp\/v2\/comments?post=16089"}],"version-history":[{"count":0,"href":"https:\/\/www.newsrecorder.ro\/app\/wp-json\/wp\/v2\/posts\/16089\/revisions"}],"wp:featuredmedia":[{"embeddable":true,"href":"https:\/\/www.newsrecorder.ro\/app\/wp-json\/wp\/v2\/media\/16090"}],"wp:attachment":[{"href":"https:\/\/www.newsrecorder.ro\/app\/wp-json\/wp\/v2\/media?parent=16089"}],"wp:term":[{"taxonomy":"category","embeddable":true,"href":"https:\/\/www.newsrecorder.ro\/app\/wp-json\/wp\/v2\/categories?post=16089"},{"taxonomy":"post_tag","embeddable":true,"href":"https:\/\/www.newsrecorder.ro\/app\/wp-json\/wp\/v2\/tags?post=16089"}],"curies":[{"name":"wp","href":"https:\/\/api.w.org\/{rel}","templated":true}]}}