{"id":1609,"date":"2026-02-04T11:37:52","date_gmt":"2026-02-04T11:37:52","guid":{"rendered":"https:\/\/www.newsrecorder.ro\/app\/2026\/02\/04\/trump-dezvaluie-in-premiera-viitoarea-sala-de-bal-a-casei-albe\/"},"modified":"2026-02-04T11:37:52","modified_gmt":"2026-02-04T11:37:52","slug":"trump-dezvaluie-in-premiera-viitoarea-sala-de-bal-a-casei-albe","status":"publish","type":"post","link":"https:\/\/www.newsrecorder.ro\/app\/2026\/02\/04\/trump-dezvaluie-in-premiera-viitoarea-sala-de-bal-a-casei-albe\/","title":{"rendered":"Trump dezv\u0103luie \u00een premier\u0103 viitoarea Sal\u0103 de Bal a Casei Albe!"},"content":{"rendered":"<p>Donald Trump a dezv\u0103luit pe re\u021beaua sa de socializare Truth Social prima imagine a unei cl\u0103diri care urmeaz\u0103 s\u0103 fie construit\u0103 \u00een Aripa de Est a Casei Albe. Imaginea este \u00eenso\u021bit\u0103 de un mesaj \u00een care Trump afirm\u0103 c\u0103 acest proiect va da na\u0219tere \u201ecelei mai grozave s\u0103li de bal construite vreodat\u0103\u201d.<\/p>\n<p>\u201eAceast\u0103 cl\u0103dire splendid\u0103, atunci c\u00e2nd va fi finalizat\u0103, va deveni mult a\u0219teptata Sal\u0103 de Bal a Casei Albe \u2013 cea mai impresionant\u0103 de acest tip construit\u0103 vreodat\u0103! Proiectul este inspirat din Cl\u0103direa Trezoreriei, situat\u0103 chiar vizavi, \u0219i va \u00eenlocui Aripa de Est, care este foarte mic\u0103, d\u0103r\u0103p\u0103nat\u0103 \u0219i a fost reconstruit\u0103 de nenum\u0103rate ori, cu o nou\u0103 Arip\u0103 de Est magnific\u0103, incluz\u00e2nd o sal\u0103 de bal grandioas\u0103, cerut\u0103 de pre\u0219edin\u021bi timp de peste 150 de ani\u201d, a scris Trump pe platforma sa.<\/p>\n<p>Trump a ap\u0103rat cu t\u0103rie proiectul, subliniind c\u0103 acesta respect\u0103 stilul arhitectural al Casei Albe. \u201eCl\u0103direa va avea o \u00een\u0103l\u021bime \u0219i o scar\u0103 identice, fiind \u00een totalitate aliniat\u0103 cu istoria Casei Albe. Aceasta este prima redare disponibil\u0103 publicului. Dac\u0103 privi\u021bi cu aten\u021bie, Zidul de Nord este o replic\u0103 a Fa\u021badei de Nord a Casei Albe, vizibil\u0103 \u00een partea dreapt\u0103 a imaginii. Acest spa\u021biu va servi na\u021biunii noastre, sper\u0103m, pentru secole de acum \u00eenainte\u201d, a ad\u0103ugat el.<\/p>\n<p>Trump \u00ee\u0219i propune s\u0103 construiasc\u0103 la Casa Alb\u0103 o sal\u0103 de bal cu o suprafa\u021b\u0103 de aproximativ 8.000 de metri p\u0103tra\u021bi, estim\u00e2nd costurile proiectului la aproximativ 400 de milioane de dolari, conform Reuters. Modernizarea va implica demolarea unei vechi cl\u0103diri, ceea ce a st\u00e2rnit critici vehemente. O organiza\u021bie dedicat\u0103 protej\u0103rii patrimoniului a contestat proiectul \u00een instan\u021b\u0103, iar congresmanii democra\u021bi l-au denun\u021bat ca fiind un \u201eabuz\u201d, cer\u00e2nd clarific\u0103ri cu privire la identitatea donatorilor implica\u021bi.<\/p>\n<p>Pre\u0219edintele Donald Trump a fost activ implicat \u00een diverse proiecte de remodelare a Casei Albe \u0219i a capitalei, Washington D.C. De exemplu, el a propus construirea unui arc de triumf \u00een capital\u0103, pentru a celebra 250 de ani de independen\u021b\u0103. La Casa Alb\u0103, Trump a reamenajat mai multe spa\u021bii \u0219i a instalat pl\u0103cu\u021be cu explica\u021bii sub portretele fo\u0219tilor pre\u0219edin\u021bi.<\/p>\n","protected":false},"excerpt":{"rendered":"<p>Donald Trump a dezv\u0103luit pe re\u021beaua sa de socializare Truth Social prima imagine a unei cl\u0103diri care urmeaz\u0103 s\u0103 fie construit\u0103 \u00een Aripa de Est a Casei Albe. Imaginea este \u00eenso\u021bit\u0103 de un mesaj \u00een care Trump afirm\u0103 c\u0103 acest proiect va da na\u0219tere \u201ecelei mai grozave s\u0103li de bal construite vreodat\u0103\u201d. \u201eAceast\u0103 cl\u0103dire splendid\u0103, [&hellip;]<\/p>\n","protected":false},"author":2,"featured_media":1610,"comment_status":"open","ping_status":"open","sticky":false,"template":"","format":"standard","meta":{"jnews-multi-image_gallery":[],"jnews_single_post":[],"jnews_primary_category":[],"jnews_override_counter":[],"footnotes":""},"categories":[42],"tags":[2851,2849,2848,2852,182,2850,2853,1735],"class_list":["post-1609","post","type-post","status-publish","format-standard","has-post-thumbnail","hentry","category-politica","tag-arhitectura","tag-aripa-de-est","tag-casa-alba","tag-cladire","tag-proiect","tag-sala-de-bal","tag-social-media","tag-trump"],"_links":{"self":[{"href":"https:\/\/www.newsrecorder.ro\/app\/wp-json\/wp\/v2\/posts\/1609","targetHints":{"allow":["GET"]}}],"collection":[{"href":"https:\/\/www.newsrecorder.ro\/app\/wp-json\/wp\/v2\/posts"}],"about":[{"href":"https:\/\/www.newsrecorder.ro\/app\/wp-json\/wp\/v2\/types\/post"}],"author":[{"embeddable":true,"href":"https:\/\/www.newsrecorder.ro\/app\/wp-json\/wp\/v2\/users\/2"}],"replies":[{"embeddable":true,"href":"https:\/\/www.newsrecorder.ro\/app\/wp-json\/wp\/v2\/comments?post=1609"}],"version-history":[{"count":0,"href":"https:\/\/www.newsrecorder.ro\/app\/wp-json\/wp\/v2\/posts\/1609\/revisions"}],"wp:featuredmedia":[{"embeddable":true,"href":"https:\/\/www.newsrecorder.ro\/app\/wp-json\/wp\/v2\/media\/1610"}],"wp:attachment":[{"href":"https:\/\/www.newsrecorder.ro\/app\/wp-json\/wp\/v2\/media?parent=1609"}],"wp:term":[{"taxonomy":"category","embeddable":true,"href":"https:\/\/www.newsrecorder.ro\/app\/wp-json\/wp\/v2\/categories?post=1609"},{"taxonomy":"post_tag","embeddable":true,"href":"https:\/\/www.newsrecorder.ro\/app\/wp-json\/wp\/v2\/tags?post=1609"}],"curies":[{"name":"wp","href":"https:\/\/api.w.org\/{rel}","templated":true}]}}