{"id":16093,"date":"2026-04-26T20:27:08","date_gmt":"2026-04-26T20:27:08","guid":{"rendered":"https:\/\/www.newsrecorder.ro\/app\/2026\/04\/26\/negrescu-ii-cere-lui-kaja-kallas-clarificari-dupa-drona-prabusita-la-galati\/"},"modified":"2026-04-26T20:27:08","modified_gmt":"2026-04-26T20:27:08","slug":"negrescu-ii-cere-lui-kaja-kallas-clarificari-dupa-drona-prabusita-la-galati","status":"publish","type":"post","link":"https:\/\/www.newsrecorder.ro\/app\/2026\/04\/26\/negrescu-ii-cere-lui-kaja-kallas-clarificari-dupa-drona-prabusita-la-galati\/","title":{"rendered":"Negrescu \u00eei cere lui Kaja Kallas clarific\u0103ri dup\u0103 drona pr\u0103bu\u0219it\u0103 la Gala\u021bi"},"content":{"rendered":"<p><em>\u201eAm \u00eenaintat o solicitare oficial\u0103 c\u0103tre Kaja Kallas, \u00cenaltul Reprezentant al Uniunii Europene pentru afaceri externe \u0219i politica de securitate, ca urmare a incidentului din Rom\u00e2nia, unde o dron\u0103 ruseasc\u0103 a p\u0103truns \u00een spa\u021biul aerian na\u021bional \u0219i a aterizat pe teritoriul nostru,\u201d<\/em> a declarat Victor Negrescu s\u00e2mb\u0103t\u0103 dup\u0103-amiaz\u0103, \u00eentr-un mesaj postat pe Facebook.<\/p>\n<p>Negrescu a subliniat c\u0103 acest incident nu este unul singular, ci face parte dintr-un \u201etipar periculos\u201d care se manifest\u0103 \u00een apropierea grani\u021belor Uniunii Europene \u0219i NATO.<\/p>\n<p><em>\u201eAm alertat \u00een mod repetat asupra acestor riscuri, \u00een special \u00een ceea ce prive\u0219te provoc\u0103rile cu care se confrunt\u0103 Rom\u00e2nia, iar \u00eengrijor\u0103rile au fost exprimate \u0219i \u00een pozi\u021bia oficial\u0103 a Parlamentului European,\u201d<\/em> a continuat el.<\/p>\n<p>Vicepre\u0219edintele Parlamentului European a men\u021bionat c\u0103 \u201eacest episod ridic\u0103 din nou \u00eentreb\u0103ri cu privire la nivelul de protec\u021bie \u0219i capacitatea de reac\u021bie la nivel european \u00een fa\u021ba unor astfel de amenin\u021b\u0103ri.\u201d<\/p>\n<p>\u00cen acest context, Negrescu a cerut \u0219efei diploma\u021biei europene, Kaja Kallas, s\u0103 <em>\u201econsolideze mecanismele europene de monitorizare \u0219i r\u0103spuns rapid la \u00eenc\u0103lc\u0103rile spa\u021biului aerian, dar \u0219i s\u0103 asigure o coordonare mai str\u00e2ns\u0103 \u00eentre statele membre \u0219i institu\u021biile UE pentru protejarea infrastructurii civile \u0219i a popula\u021biei.\u201d<\/em><\/p>\n<p>De asemenea, el a solicitat evaluarea unor m\u0103suri suplimentare de descurajare \u0219i sanc\u021bionare, precum \u0219i integrarea acestor riscuri \u00een viitoarele instrumente europene de securitate \u0219i ap\u0103rare.<\/p>\n<p><em>\u201eRom\u00e2nia se afl\u0103 la frontiera Uniunii \u0219i resimte direct efectele conflictului din vecin\u0103tate. Protejarea cet\u0103\u021benilor europeni nu poate fi fragmentat\u0103. Este necesar un r\u0103spuns comun, coordonat \u0219i credibil. Europa trebuie s\u0103 fie prezent\u0103 acolo unde cet\u0103\u021benii s\u0103i au nevoie de siguran\u021b\u0103,\u201d<\/em> a concluzionat Victor Negrescu, vicepre\u0219edinte al Parlamentului European.<\/p>\n<p>Reamintim c\u0103 s\u00e2mb\u0103t\u0103 diminea\u021ba, \u00een jurul orei 2:31, <a href=\"https:\/\/www.mediafax.ro\/social\/pagube-in-galati-dupa-caderea-unor-fragmente-de-drona-ruseasca-atac-masiv-al-rusiei-la-granita-avioane-eurofighter-typhoon-ridicate-23726269\" target=\"_blank\" rel=\"noopener\">o dron\u0103 ruseasc\u0103 de tip Geran 2<\/a> a c\u0103zut \u00eentr-o gospod\u0103rie din Gala\u021bi, provoc\u00e2nd daune unei anexe \u0219i unui st\u00e2lp de electricitate. Drona, care avea \u00eenc\u0103rc\u0103tur\u0103 exploziv\u0103, a fost detonat\u0103 controlat de echipele de geni\u0219ti, \u00een jurul amiezii.<\/p>\n<p>\u00cen plus, Ministerul Ap\u0103r\u0103rii Na\u021bionale (MApN) a raportat c\u0103 fragmente suplimentare de dron\u0103 au fost descoperite \u00een jude\u021bul Tulcea, iar o echip\u0103 de speciali\u0219ti a fost trimis\u0103 la fa\u021ba locului pentru a efectua cercet\u0103ri \u0219i a colecta probe.<\/p>\n","protected":false},"excerpt":{"rendered":"<p>\u201eAm \u00eenaintat o solicitare oficial\u0103 c\u0103tre Kaja Kallas, \u00cenaltul Reprezentant al Uniunii Europene pentru afaceri externe \u0219i politica de securitate, ca urmare a incidentului din Rom\u00e2nia, unde o dron\u0103 ruseasc\u0103 a p\u0103truns \u00een spa\u021biul aerian na\u021bional \u0219i a aterizat pe teritoriul nostru,\u201d a declarat Victor Negrescu s\u00e2mb\u0103t\u0103 dup\u0103-amiaz\u0103, \u00eentr-un mesaj postat pe Facebook. Negrescu a [&hellip;]<\/p>\n","protected":false},"author":2,"featured_media":16094,"comment_status":"open","ping_status":"open","sticky":false,"template":"","format":"standard","meta":{"jnews-multi-image_gallery":[],"jnews_single_post":[],"jnews_primary_category":[],"jnews_override_counter":[],"footnotes":""},"categories":[42],"tags":[13345,3611,5900,634,149,874,321,18435],"class_list":["post-16093","post","type-post","status-publish","format-standard","has-post-thumbnail","hentry","category-politica","tag-incident-drona","tag-kaja-kallas","tag-natos","tag-parlamentul-european","tag-romania","tag-securitate","tag-uniunea-europeana","tag-victora-negrescu"],"_links":{"self":[{"href":"https:\/\/www.newsrecorder.ro\/app\/wp-json\/wp\/v2\/posts\/16093","targetHints":{"allow":["GET"]}}],"collection":[{"href":"https:\/\/www.newsrecorder.ro\/app\/wp-json\/wp\/v2\/posts"}],"about":[{"href":"https:\/\/www.newsrecorder.ro\/app\/wp-json\/wp\/v2\/types\/post"}],"author":[{"embeddable":true,"href":"https:\/\/www.newsrecorder.ro\/app\/wp-json\/wp\/v2\/users\/2"}],"replies":[{"embeddable":true,"href":"https:\/\/www.newsrecorder.ro\/app\/wp-json\/wp\/v2\/comments?post=16093"}],"version-history":[{"count":0,"href":"https:\/\/www.newsrecorder.ro\/app\/wp-json\/wp\/v2\/posts\/16093\/revisions"}],"wp:featuredmedia":[{"embeddable":true,"href":"https:\/\/www.newsrecorder.ro\/app\/wp-json\/wp\/v2\/media\/16094"}],"wp:attachment":[{"href":"https:\/\/www.newsrecorder.ro\/app\/wp-json\/wp\/v2\/media?parent=16093"}],"wp:term":[{"taxonomy":"category","embeddable":true,"href":"https:\/\/www.newsrecorder.ro\/app\/wp-json\/wp\/v2\/categories?post=16093"},{"taxonomy":"post_tag","embeddable":true,"href":"https:\/\/www.newsrecorder.ro\/app\/wp-json\/wp\/v2\/tags?post=16093"}],"curies":[{"name":"wp","href":"https:\/\/api.w.org\/{rel}","templated":true}]}}