{"id":16095,"date":"2026-04-26T20:27:28","date_gmt":"2026-04-26T20:27:28","guid":{"rendered":"https:\/\/www.newsrecorder.ro\/app\/2026\/04\/26\/razboiul-din-iran-ameninta-relansarea-economica-a-germaniei-in-2026\/"},"modified":"2026-04-26T20:27:28","modified_gmt":"2026-04-26T20:27:28","slug":"razboiul-din-iran-ameninta-relansarea-economica-a-germaniei-in-2026","status":"publish","type":"post","link":"https:\/\/www.newsrecorder.ro\/app\/2026\/04\/26\/razboiul-din-iran-ameninta-relansarea-economica-a-germaniei-in-2026\/","title":{"rendered":"R\u0103zboiul din Iran amenin\u021b\u0103 relansarea economic\u0103 a Germaniei \u00een 2026!"},"content":{"rendered":"<p>Cre\u0219terea pre\u021burilor la energie, generat\u0103 de conflictele din Iran, exercit\u0103 o presiune semnificativ\u0103 asupra economiei germane, acceler\u00e2nd infla\u021bia \u0219i afect\u00e2nd \u00eencrederea at\u00e2t a companiilor, c\u00e2t \u0219i a consumatorilor. \u00cen acest context, guvernul german a decis s\u0103 \u00ee\u0219i revizuiasc\u0103 prognoza de cre\u0219tere economic\u0103 pentru anul 2026, reduc\u00e2nd-o la 0,5%, conform unui raport de la <a href=\"https:\/\/www.bloomberg.com\/news\/articles\/2026-04-25\/wirtschaftsprognose-was-friedrich-merz-wachstumsjahr-versprechen-torpediert\" target=\"_blank\" rel=\"noopener\">Bloomberg<\/a>.<\/p>\n<p>Datele preliminare arat\u0103 deja o performan\u021b\u0103 economic\u0103 slab\u0103, economi\u0219tii estim\u00e2nd o cre\u0219tere de doar 0,2% \u00een primul trimestru, \u00een compara\u021bie cu un avans de 0,3% \u00eenregistrat la sf\u00e2r\u0219itul anului 2025.<\/p>\n<p>Pentru luna aprilie, este anticipat\u0103 o infla\u021bie de aproximativ 3,1% \u00een Germania \u0219i \u00een jur de 3% \u00een \u00eentreaga zon\u0103 euro. \u00cen acest context, Banca Central\u0103 European\u0103 ia \u00een considerare posibile major\u0103ri ale dob\u00e2nzilor, care ar putea afecta negativ economia.<\/p>\n<p>Autorit\u0103\u021bile subliniaz\u0103 c\u0103 evolu\u021bia economic\u0103 depinde \u00een mare m\u0103sur\u0103 de durata crizei energetice \u0219i de obstacolele \u00eent\u00e2mpinate \u00een aprovizionarea cu petrol \u0219i gaze \u00een zona Str\u00e2mtorii Ormuz.<\/p>\n<p>Pentru a atenua efectele negative, guvernul a anun\u021bat o serie de m\u0103suri de sprijin destinate at\u00e2t popula\u021biei, c\u00e2t \u0219i companiilor. Cu toate acestea, aceste m\u0103suri sunt considerate insuficiente pentru a sus\u021bine consumul, av\u00e2nd \u00een vedere c\u0103 cet\u0103\u021benii \u00eencep s\u0103 \u00ee\u0219i reduc\u0103 cheltuielile.<\/p>\n<p>\u00cen acela\u0219i timp, mediul de afaceri solicit\u0103 reforme menite s\u0103 stimuleze cre\u0219terea economic\u0103, cum ar fi reducerea birocra\u021biei \u0219i a impozitelor. Totu\u0219i, capacitatea guvernului de a implementa aceste m\u0103suri este restric\u021bionat\u0103 de tensiunile politice existente \u00een cadrul coali\u021biei de guvernare.<\/p>\n<p>Chiar dac\u0103 Berlinul a ini\u021biat un program extins de investi\u021bii, care include un fond de 500 de miliarde de euro destinat infrastructurii, impactul acestuia risc\u0103 s\u0103 fie diminuat de criza energetic\u0103 \u00een curs de desf\u0103\u0219urare.<\/p>\n","protected":false},"excerpt":{"rendered":"<p>Cre\u0219terea pre\u021burilor la energie, generat\u0103 de conflictele din Iran, exercit\u0103 o presiune semnificativ\u0103 asupra economiei germane, acceler\u00e2nd infla\u021bia \u0219i afect\u00e2nd \u00eencrederea at\u00e2t a companiilor, c\u00e2t \u0219i a consumatorilor. \u00cen acest context, guvernul german a decis s\u0103 \u00ee\u0219i revizuiasc\u0103 prognoza de cre\u0219tere economic\u0103 pentru anul 2026, reduc\u00e2nd-o la 0,5%, conform unui raport de la Bloomberg. Datele [&hellip;]<\/p>\n","protected":false},"author":4,"featured_media":16096,"comment_status":"open","ping_status":"open","sticky":false,"template":"","format":"standard","meta":{"jnews-multi-image_gallery":[],"jnews_single_post":[],"jnews_primary_category":[],"jnews_override_counter":[],"footnotes":""},"categories":[40],"tags":[695,2674,531,2420,7473,18436,778,3216],"class_list":["post-16095","post","type-post","status-publish","format-standard","has-post-thumbnail","hentry","category-econonie","tag-banca-centrala-europeana","tag-companii","tag-consumatori","tag-crestere-economica","tag-criza-energetica","tag-economie-germana","tag-inflatie","tag-preturi-energie"],"_links":{"self":[{"href":"https:\/\/www.newsrecorder.ro\/app\/wp-json\/wp\/v2\/posts\/16095","targetHints":{"allow":["GET"]}}],"collection":[{"href":"https:\/\/www.newsrecorder.ro\/app\/wp-json\/wp\/v2\/posts"}],"about":[{"href":"https:\/\/www.newsrecorder.ro\/app\/wp-json\/wp\/v2\/types\/post"}],"author":[{"embeddable":true,"href":"https:\/\/www.newsrecorder.ro\/app\/wp-json\/wp\/v2\/users\/4"}],"replies":[{"embeddable":true,"href":"https:\/\/www.newsrecorder.ro\/app\/wp-json\/wp\/v2\/comments?post=16095"}],"version-history":[{"count":0,"href":"https:\/\/www.newsrecorder.ro\/app\/wp-json\/wp\/v2\/posts\/16095\/revisions"}],"wp:featuredmedia":[{"embeddable":true,"href":"https:\/\/www.newsrecorder.ro\/app\/wp-json\/wp\/v2\/media\/16096"}],"wp:attachment":[{"href":"https:\/\/www.newsrecorder.ro\/app\/wp-json\/wp\/v2\/media?parent=16095"}],"wp:term":[{"taxonomy":"category","embeddable":true,"href":"https:\/\/www.newsrecorder.ro\/app\/wp-json\/wp\/v2\/categories?post=16095"},{"taxonomy":"post_tag","embeddable":true,"href":"https:\/\/www.newsrecorder.ro\/app\/wp-json\/wp\/v2\/tags?post=16095"}],"curies":[{"name":"wp","href":"https:\/\/api.w.org\/{rel}","templated":true}]}}