{"id":16105,"date":"2026-04-26T20:47:30","date_gmt":"2026-04-26T20:47:30","guid":{"rendered":"https:\/\/www.newsrecorder.ro\/app\/2026\/04\/26\/nazare-romania-isi-propune-sa-dezvolte-piata-de-capital-2\/"},"modified":"2026-04-26T20:47:30","modified_gmt":"2026-04-26T20:47:30","slug":"nazare-romania-isi-propune-sa-dezvolte-piata-de-capital-2","status":"publish","type":"post","link":"https:\/\/www.newsrecorder.ro\/app\/2026\/04\/26\/nazare-romania-isi-propune-sa-dezvolte-piata-de-capital-2\/","title":{"rendered":"Nazare: Rom\u00e2nia \u00ee\u0219i propune s\u0103 dezvolte pia\u021ba de capital!"},"content":{"rendered":"<p>Alexandru Nazare, ministrul de Finan\u021be, a eviden\u021biat recent importan\u021ba dezvolt\u0103rii pie\u021bei de capital ca parte dintr-o strategie ambi\u021bioas\u0103 pentru Rom\u00e2nia \u00een anii urm\u0103tori, dup\u0103 o \u00eent\u00e2lnire cu Comisarul european pentru servicii financiare \u0219i uniunea economiilor \u0219i investi\u021biilor.<\/p>\n<p>\u201eO pia\u021b\u0103 de capital robust\u0103 va atrage mai multe investi\u021bii \u00een economie, va permite companiilor rom\u00e2ne\u0219ti s\u0103 se dezvolte \u0219i va crea noi locuri de munc\u0103. De asemenea, va oferi cet\u0103\u021benilor mai multe op\u021biuni pentru a-\u0219i investeasc\u0103 economiile \u00eentr-un mod simplu \u0219i transparent\u201d, a subliniat Nazare pe re\u021belele sociale.<\/p>\n<p>Ministrul a men\u021bionat c\u0103, \u00een ultimele luni, autorit\u0103\u021bile au accelerat modernizarea pie\u021bei de capital \u0219i dezvoltarea unor instrumente menite s\u0103 atrag\u0103 capital. El a subliniat rolul esen\u021bial al B\u0103ncii de Investi\u021bii \u0219i Dezvoltare \u00een acest demers, care va contribui la crearea unor fonduri de investi\u021bii ce vor sprijini cre\u0219terea economic\u0103.<\/p>\n<p>De asemenea, discu\u021biile dintre Nazare \u0219i Comisarul european au inclus conceptul unui cont european de investi\u021bii, parte a unui plan mai amplu destinat cre\u0103rii unor produse de investi\u021bii mai simple \u0219i accesibile pentru cet\u0103\u021beni.<\/p>\n<p>\u201eRom\u00e2nia sus\u021bine integrarea pie\u021belor financiare europene \u0219i dore\u0219te s\u0103 reduc\u0103 barierele care limiteaz\u0103 accesul la finan\u021bare. Ne angaj\u0103m s\u0103 dezvolt\u0103m o pia\u021b\u0103 de capital mai puternic\u0103, capabil\u0103 s\u0103 finan\u021beze cre\u0219terea economic\u0103 \u0219i s\u0103 sprijine dezvoltarea pe termen lung\u201d, a concluzionat ministrul de Finan\u021be.<\/p>\n","protected":false},"excerpt":{"rendered":"<p>Alexandru Nazare, ministrul de Finan\u021be, a eviden\u021biat recent importan\u021ba dezvolt\u0103rii pie\u021bei de capital ca parte dintr-o strategie ambi\u021bioas\u0103 pentru Rom\u00e2nia \u00een anii urm\u0103tori, dup\u0103 o \u00eent\u00e2lnire cu Comisarul european pentru servicii financiare \u0219i uniunea economiilor \u0219i investi\u021biilor. \u201eO pia\u021b\u0103 de capital robust\u0103 va atrage mai multe investi\u021bii \u00een economie, va permite companiilor rom\u00e2ne\u0219ti s\u0103 se [&hellip;]<\/p>\n","protected":false},"author":4,"featured_media":16106,"comment_status":"open","ping_status":"open","sticky":false,"template":"","format":"standard","meta":{"jnews-multi-image_gallery":[],"jnews_single_post":[],"jnews_primary_category":[],"jnews_override_counter":[],"footnotes":""},"categories":[40],"tags":[4672,2136,780,18439,420,1326,464,1909],"class_list":["post-16105","post","type-post","status-publish","format-standard","has-post-thumbnail","hentry","category-econonie","tag-alexandru-nazare","tag-autoritati","tag-economie","tag-fonduri-de-investitii","tag-investitii","tag-locuri-de-munca","tag-modernizare","tag-piata-de-capital"],"_links":{"self":[{"href":"https:\/\/www.newsrecorder.ro\/app\/wp-json\/wp\/v2\/posts\/16105","targetHints":{"allow":["GET"]}}],"collection":[{"href":"https:\/\/www.newsrecorder.ro\/app\/wp-json\/wp\/v2\/posts"}],"about":[{"href":"https:\/\/www.newsrecorder.ro\/app\/wp-json\/wp\/v2\/types\/post"}],"author":[{"embeddable":true,"href":"https:\/\/www.newsrecorder.ro\/app\/wp-json\/wp\/v2\/users\/4"}],"replies":[{"embeddable":true,"href":"https:\/\/www.newsrecorder.ro\/app\/wp-json\/wp\/v2\/comments?post=16105"}],"version-history":[{"count":0,"href":"https:\/\/www.newsrecorder.ro\/app\/wp-json\/wp\/v2\/posts\/16105\/revisions"}],"wp:featuredmedia":[{"embeddable":true,"href":"https:\/\/www.newsrecorder.ro\/app\/wp-json\/wp\/v2\/media\/16106"}],"wp:attachment":[{"href":"https:\/\/www.newsrecorder.ro\/app\/wp-json\/wp\/v2\/media?parent=16105"}],"wp:term":[{"taxonomy":"category","embeddable":true,"href":"https:\/\/www.newsrecorder.ro\/app\/wp-json\/wp\/v2\/categories?post=16105"},{"taxonomy":"post_tag","embeddable":true,"href":"https:\/\/www.newsrecorder.ro\/app\/wp-json\/wp\/v2\/tags?post=16105"}],"curies":[{"name":"wp","href":"https:\/\/api.w.org\/{rel}","templated":true}]}}