{"id":16107,"date":"2026-04-26T22:12:21","date_gmt":"2026-04-26T22:12:21","guid":{"rendered":"https:\/\/www.newsrecorder.ro\/app\/2026\/04\/26\/atentate-impotriva-lui-trump-cine-a-vrut-sa-l-elimine\/"},"modified":"2026-04-26T22:12:21","modified_gmt":"2026-04-26T22:12:21","slug":"atentate-impotriva-lui-trump-cine-a-vrut-sa-l-elimine","status":"publish","type":"post","link":"https:\/\/www.newsrecorder.ro\/app\/2026\/04\/26\/atentate-impotriva-lui-trump-cine-a-vrut-sa-l-elimine\/","title":{"rendered":"Atentate \u00eempotriva lui Trump: cine a vrut s\u0103-l elimine?"},"content":{"rendered":"<p>Tentativele de asasinat asupra liderilor politici au o lung\u0103 istorie, dar \u00een cazul lui <a href=\"https:\/\/www.mediafax.ro\/externe\/trump-dupa-incidentul-armat-de-la-cina-corespondentilor-a-atacat-de-la-50-de-metri-distanta-fbi-cere-informatii-de-la-public-23726631\">Donald Trump<\/a>, frecven\u021ba \u0219i diversitatea acestor incidente subliniaz\u0103 un risc constant asociat cu fiecare apari\u021bie public\u0103 a sa.<\/p>\n<p>Cel mai recent incident a avut loc s\u00e2mb\u0103t\u0103, \u00een cadrul Cinei Coresponden\u021bilor, un eveniment organizat de Asocia\u021bia Coresponden\u021bilor de la Casa Alb\u0103. Un b\u0103rbat a deschis focul chiar \u00eenainte ca Trump s\u0103 \u00eenceap\u0103 s\u0103 vorbeasc\u0103. Detaliile acestui atac sunt \u00eenc\u0103 neclare, \u00eens\u0103 autorul, Cole Allen, a fost arestat, iar procurorul general interimar, Todd Blanche, a confirmat c\u0103 atacatorul ar fi \u021bintit membri ai administra\u021biei, inclusiv pe Trump.<\/p>\n<p>Reac\u021bia lui Trump a fost una surprinz\u0103toare; el s-a comparat cu Abraham Lincoln, subliniind c\u0103 liderii cu impact major devin inevitabil \u021binte.<\/p>\n<h2>Cronica tentativelor de asasinat<\/h2>\n<p>Februarie 2026: Un t\u00e2n\u0103r de 21 de ani, \u00eenarmat cu o pu\u0219c\u0103 \u0219i un recipient cu combustibil, a fost \u00eempu\u0219cat mortal de agen\u021bii Secret Service dup\u0103 ce a \u00eencercat s\u0103 p\u0103trund\u0103 \u00een re\u0219edin\u021ba Mar-a-Lago din Florida, \u00een absen\u021ba lui Trump, care se afla la Washington.<\/p>\n<p>Septembrie 2024: Un b\u0103rbat de 59 de ani, ascuns \u00een tufi\u0219uri \u0219i \u00eenarmat cu un AK-47, a \u00eencercat s\u0103-l asasineze pe Trump \u00een timpul unui joc de golf \u00een Florida. De\u0219i atacatorul a fugit, a fost prins \u00een aceea\u0219i zi \u0219i condamnat la \u00eenchisoare pe via\u021b\u0103.<\/p>\n<p>Iulie 2024: \u00cen timpul unui miting electoral, Trump a fost r\u0103nit la ureche c\u00e2nd un atacator a deschis focul. Un participant a murit, iar al\u021bi doi au fost grav r\u0103ni\u021bi. Atacatorul, un t\u00e2n\u0103r de 20 de ani, a fost ucis de luneti\u0219tii Secret Service, iar imaginile cu Trump r\u0103nit, dar ridic\u00e2nd pumnul \u00een semn de putere, au circulat rapid \u00een \u00eentreaga lume.<\/p>\n<p>Iulie 2024: Un cet\u0103\u021bean pakistanez a fost condamnat pentru planificarea asasin\u0103rii lui Trump \u0219i a altor oficiali americani, \u00eentr-un complot atribuit unor interese iraniene, \u00een urma uciderii generalului Qassem Soleimani \u00een 2020. Autorit\u0103\u021bile din Teheran au negat orice implicare.<\/p>\n<p>Iunie 2016: Un britanic de 20 de ani a fost arestat dup\u0103 ce a \u00eencercat s\u0103 smulg\u0103 arma unui poli\u021bist la un miting electoral din Las Vegas, declar\u00e2nd ulterior c\u0103 dorea s\u0103-l ucid\u0103 pe Trump, care era atunci candidat republican.<\/p>\n<h2>Trump \u0219i Lincoln: o paralel\u0103 nelini\u0219titoare<\/h2>\n<p>Compara\u021bia lui Trump cu Abraham Lincoln poate p\u0103rea exagerat\u0103, dar reflect\u0103 o realitate fundamental\u0103: liderii politici vizibili devin adesea simboluri \u0219i, prin urmare, \u021binte. Totu\u0219i, contextul \u00een care aceste evenimente au loc a evoluat semnificativ.<\/p>\n<p>Azi, fiecare incident este analizat \u00een timp real, iar imaginile devin virale, f\u0103c\u00e2nd distinc\u021bia \u00eentre spectacol \u0219i pericol tot mai greu de realizat. Dincolo de retorica dramatic\u0103, r\u0103m\u00e2ne un fapt \u00eengrijor\u0103tor: \u00een ultimii ani, amenin\u021b\u0103rile la adresa lui Donald Trump nu au fost doar vorbe, ci ac\u021biuni concrete.<\/p>\n<p>Acest aspect reflect\u0103, poate, mai mult despre tensiunile societ\u0103\u021bii americane dec\u00e2t despre persoana lui Trump, care se afl\u0103 \u00een centrul acestor controverse.<\/p>\n","protected":false},"excerpt":{"rendered":"<p>Tentativele de asasinat asupra liderilor politici au o lung\u0103 istorie, dar \u00een cazul lui Donald Trump, frecven\u021ba \u0219i diversitatea acestor incidente subliniaz\u0103 un risc constant asociat cu fiecare apari\u021bie public\u0103 a sa. Cel mai recent incident a avut loc s\u00e2mb\u0103t\u0103, \u00een cadrul Cinei Coresponden\u021bilor, un eveniment organizat de Asocia\u021bia Coresponden\u021bilor de la Casa Alb\u0103. Un [&hellip;]<\/p>\n","protected":false},"author":2,"featured_media":16108,"comment_status":"open","ping_status":"open","sticky":false,"template":"","format":"standard","meta":{"jnews-multi-image_gallery":[],"jnews_single_post":[],"jnews_primary_category":[],"jnews_override_counter":[],"footnotes":""},"categories":[39],"tags":[1360,7639,914,31,1539,873,4577,874],"class_list":["post-16107","post","type-post","status-publish","format-standard","has-post-thumbnail","hentry","category-stirile-zilei","tag-administratie","tag-asasinat","tag-atac","tag-jnews_demo_donald-trump","tag-eveniment","tag-istorie","tag-lideri-politici","tag-securitate"],"_links":{"self":[{"href":"https:\/\/www.newsrecorder.ro\/app\/wp-json\/wp\/v2\/posts\/16107","targetHints":{"allow":["GET"]}}],"collection":[{"href":"https:\/\/www.newsrecorder.ro\/app\/wp-json\/wp\/v2\/posts"}],"about":[{"href":"https:\/\/www.newsrecorder.ro\/app\/wp-json\/wp\/v2\/types\/post"}],"author":[{"embeddable":true,"href":"https:\/\/www.newsrecorder.ro\/app\/wp-json\/wp\/v2\/users\/2"}],"replies":[{"embeddable":true,"href":"https:\/\/www.newsrecorder.ro\/app\/wp-json\/wp\/v2\/comments?post=16107"}],"version-history":[{"count":0,"href":"https:\/\/www.newsrecorder.ro\/app\/wp-json\/wp\/v2\/posts\/16107\/revisions"}],"wp:featuredmedia":[{"embeddable":true,"href":"https:\/\/www.newsrecorder.ro\/app\/wp-json\/wp\/v2\/media\/16108"}],"wp:attachment":[{"href":"https:\/\/www.newsrecorder.ro\/app\/wp-json\/wp\/v2\/media?parent=16107"}],"wp:term":[{"taxonomy":"category","embeddable":true,"href":"https:\/\/www.newsrecorder.ro\/app\/wp-json\/wp\/v2\/categories?post=16107"},{"taxonomy":"post_tag","embeddable":true,"href":"https:\/\/www.newsrecorder.ro\/app\/wp-json\/wp\/v2\/tags?post=16107"}],"curies":[{"name":"wp","href":"https:\/\/api.w.org\/{rel}","templated":true}]}}