{"id":16113,"date":"2026-04-26T22:13:48","date_gmt":"2026-04-26T22:13:48","guid":{"rendered":"https:\/\/www.newsrecorder.ro\/app\/2026\/04\/26\/dragos-pislaru-romania-poate-accesa-fonduri-europene-dar-cu-conditii\/"},"modified":"2026-04-26T22:13:48","modified_gmt":"2026-04-26T22:13:48","slug":"dragos-pislaru-romania-poate-accesa-fonduri-europene-dar-cu-conditii","status":"publish","type":"post","link":"https:\/\/www.newsrecorder.ro\/app\/2026\/04\/26\/dragos-pislaru-romania-poate-accesa-fonduri-europene-dar-cu-conditii\/","title":{"rendered":"Drago\u0219 P\u00eeslaru: Rom\u00e2nia poate accesa fonduri europene, dar cu condi\u021bii!"},"content":{"rendered":"<p><a href=\"https:\/\/www.mediafax.ro\/politic\/pislaru-despre-viitoarea-lege-a-salarizarii-forma-finala-va-reflecta-conditiile-spatiului-bugetar-fiscal-existent-23726493\">Drago\u0219 P\u00eeslaru<\/a>, ministrul Investi\u021biilor \u0219i Proiectelor Europene, a exprimat un optimism prudent cu privire la accesarea fondurilor europene. \u00centr-o apari\u021bie la B1 TV, el a subliniat c\u0103 exist\u0103 \u0219anse semnificative de a ob\u021bine sumele r\u0103mase, cu condi\u021bia ca Rom\u00e2nia s\u0103-\u0219i respecte angajamentele de reform\u0103.<\/p>\n<p>Ministrul a indicat c\u0103 Rom\u00e2nia dispune de aproximativ 10 miliarde de euro din fondurile europene, sum\u0103 care poate varia \u00een func\u021bie de modul \u00een care sunt calculate aceste fonduri \u0219i de prefinan\u021b\u0103rile deja primite.<\/p>\n<p>\u00cen realitate, Rom\u00e2nia ar putea accesa \u00een total \u00eentre 11 \u0219i 12 miliarde de euro, sum\u0103 din care trebuie sc\u0103zute avansurile deja primite.<\/p>\n<p>P\u00eeslaru a subliniat c\u0103 accesarea integral\u0103 a acestor fonduri depinde \u00een mare m\u0103sur\u0103 de implementarea reformelor asumate, responsabilitate ce revine \u00eentregului guvern, nu doar Ministerului Investi\u021biilor \u0219i Proiectelor Europene.<\/p>\n<p>\u201eAm un plan \u00een care am \u00eencredere c\u0103, dac\u0103 exist\u0103 aceast\u0103 minim\u0103 responsabilitate s\u0103 rezolv\u0103m reformele, pe partea de investi\u021bii avem ni\u0219te a\u0219i \u00een m\u00e2nec\u0103. Un pic de profesionalism \u0219i perspicacitate \u00een rela\u021bia cu Comisia European\u0103 ne va permite s\u0103 primim to\u021bi banii pe grant\u201d, a afirmat P\u00eeslaru, ad\u0103ug\u00e2nd c\u0103 este esen\u021bial s\u0103 nu pierdem niciun euro din ace\u0219ti bani.<\/p>\n<p>\u00cen discu\u021biile cu Comisia European\u0103, P\u00eeslaru a oferit asigur\u0103ri cu privire la continuitatea reformelor, chiar \u0219i \u00een contextul instabilit\u0103\u021bii politice din Rom\u00e2nia. El a men\u021bionat posibila introducere a unui \u201emoratoriu\u201d pentru reforme, care este \u00een discu\u021bie la nivelul Executivului, \u0219i a subliniat c\u0103 proiectele de investi\u021bii majore, precum cele \u00een domeniul s\u0103n\u0103t\u0103\u021bii sau infrastructurii, trebuie s\u0103 continue, indiferent de crizele politice interne.<\/p>\n<p>\u201eAm dat asigur\u0103ri Comisiei Europene c\u0103, \u00een ciuda acestor turbulen\u021be, exist\u0103 poten\u021bialul de a avea un moratoriu pentru reforme. Am specificat c\u0103 prim-ministrul lucreaz\u0103 la asta, iar pre\u0219edintele pare c\u0103 se implic\u0103 \u0219i el\u201d, a declarat ministrul.<\/p>\n<p>P\u00eeslaru a recunoscut totodat\u0103 existen\u021ba unor disfunc\u021bionalit\u0103\u021bi \u00een comunicarea \u0219i coordonarea cu partenerii europeni, f\u0103c\u00e2nd o observa\u021bie autoironic\u0103 despre \u201ecreativitatea\u201d Rom\u00e2niei \u00een rela\u021bia cu institu\u021biile UE \u0219i despre abilitatea de a gestiona simultan crize interne \u0219i obliga\u021bii externe.<\/p>\n<p>Pe plan politic, ministrul a men\u021bionat tensiunile din interiorul coali\u021biei de guvernare, preciz\u00e2nd c\u0103 o parte semnificativ\u0103 a portofoliilor, inclusiv cel referitor la legea salariz\u0103rii, era administrat\u0103 de PSD. \u00cen opinia sa, retragerea social-democra\u021bilor de la guvernare a fost rezultatul unui proces politic sc\u0103pat de sub control, generat din dorin\u021ba de a demonstra for\u021b\u0103 politic\u0103.<\/p>\n<p>Referitor la rolul pre\u0219edintelui, P\u00eeslaru a afirmat c\u0103 interven\u021bia acestuia a avut loc abia dup\u0103 ce criza politic\u0103 a fost declan\u0219at\u0103, dar s-a ab\u021binut de la formularea unor critici directe, limit\u00e2ndu-se la o evaluare a situa\u021biei din perspectiva func\u021biei sale guvernamentale.<\/p>\n<p>\u00cen concluzie, Drago\u0219 P\u00eeslaru consider\u0103 c\u0103 Rom\u00e2nia este \u00eenc\u0103 eligibil\u0103 pentru fondurile europene \u0219i c\u0103 are oportunitatea de a le accesa, \u00eens\u0103 acest lucru depinde \u00een mare m\u0103sur\u0103 de voin\u021ba politic\u0103 \u0219i de capacitatea autorit\u0103\u021bilor de a implementa reformele asumate.<\/p>\n","protected":false},"excerpt":{"rendered":"<p>Drago\u0219 P\u00eeslaru, ministrul Investi\u021biilor \u0219i Proiectelor Europene, a exprimat un optimism prudent cu privire la accesarea fondurilor europene. \u00centr-o apari\u021bie la B1 TV, el a subliniat c\u0103 exist\u0103 \u0219anse semnificative de a ob\u021bine sumele r\u0103mase, cu condi\u021bia ca Rom\u00e2nia s\u0103-\u0219i respecte angajamentele de reform\u0103. Ministrul a indicat c\u0103 Rom\u00e2nia dispune de aproximativ 10 miliarde de [&hellip;]<\/p>\n","protected":false},"author":2,"featured_media":16114,"comment_status":"open","ping_status":"open","sticky":false,"template":"","format":"standard","meta":{"jnews-multi-image_gallery":[],"jnews_single_post":[],"jnews_primary_category":[],"jnews_override_counter":[],"footnotes":""},"categories":[39],"tags":[4205,1766,420,2280,4591,1845,1057,149],"class_list":["post-16113","post","type-post","status-publish","format-standard","has-post-thumbnail","hentry","category-stirile-zilei","tag-dragos-pislaru","tag-fonduri-europene","tag-investitii","tag-ministerul-investitiilor","tag-optimism","tag-proiecte-europene","tag-reforme","tag-romania"],"_links":{"self":[{"href":"https:\/\/www.newsrecorder.ro\/app\/wp-json\/wp\/v2\/posts\/16113","targetHints":{"allow":["GET"]}}],"collection":[{"href":"https:\/\/www.newsrecorder.ro\/app\/wp-json\/wp\/v2\/posts"}],"about":[{"href":"https:\/\/www.newsrecorder.ro\/app\/wp-json\/wp\/v2\/types\/post"}],"author":[{"embeddable":true,"href":"https:\/\/www.newsrecorder.ro\/app\/wp-json\/wp\/v2\/users\/2"}],"replies":[{"embeddable":true,"href":"https:\/\/www.newsrecorder.ro\/app\/wp-json\/wp\/v2\/comments?post=16113"}],"version-history":[{"count":0,"href":"https:\/\/www.newsrecorder.ro\/app\/wp-json\/wp\/v2\/posts\/16113\/revisions"}],"wp:featuredmedia":[{"embeddable":true,"href":"https:\/\/www.newsrecorder.ro\/app\/wp-json\/wp\/v2\/media\/16114"}],"wp:attachment":[{"href":"https:\/\/www.newsrecorder.ro\/app\/wp-json\/wp\/v2\/media?parent=16113"}],"wp:term":[{"taxonomy":"category","embeddable":true,"href":"https:\/\/www.newsrecorder.ro\/app\/wp-json\/wp\/v2\/categories?post=16113"},{"taxonomy":"post_tag","embeddable":true,"href":"https:\/\/www.newsrecorder.ro\/app\/wp-json\/wp\/v2\/tags?post=16113"}],"curies":[{"name":"wp","href":"https:\/\/api.w.org\/{rel}","templated":true}]}}