{"id":16115,"date":"2026-04-26T22:14:03","date_gmt":"2026-04-26T22:14:03","guid":{"rendered":"https:\/\/www.newsrecorder.ro\/app\/2026\/04\/26\/vandalism-in-sectorul-4-o-masina-de-politie-atacata-de-multime\/"},"modified":"2026-04-26T22:14:03","modified_gmt":"2026-04-26T22:14:03","slug":"vandalism-in-sectorul-4-o-masina-de-politie-atacata-de-multime","status":"publish","type":"post","link":"https:\/\/www.newsrecorder.ro\/app\/2026\/04\/26\/vandalism-in-sectorul-4-o-masina-de-politie-atacata-de-multime\/","title":{"rendered":"Vandalism \u00een Sectorul 4: O ma\u0219in\u0103 de poli\u021bie atacat\u0103 de mul\u021bime!"},"content":{"rendered":"<p>O interven\u021bie aparent simpl\u0103 a Poli\u021biei Capitalei s-a transformat, duminic\u0103, \u00eentr-un scandal de propor\u021bii, necesit\u00e2nd suportul lupt\u0103torilor SAS \u0219i al jandarmilor din Bucure\u0219ti.<\/p>\n<p>Incidentul a fost raportat Poli\u021biei Capitalei, care a fost chemat\u0103 s\u0103 intervin\u0103 pentru a lini\u0219ti un grup de persoane ce ascultau muzic\u0103 la un volum excesiv pe o strad\u0103 din Sectorul 4.<\/p>\n<p><em>\u201e\u00cen urma apelului, un echipaj din cadrul Sec\u021biei 26 Poli\u021bie s-a deplasat de urgen\u021b\u0103 la fa\u021ba locului. \u00cen momentul \u00een care poli\u021bi\u0219tii au intervenit, persoanele implicate au devenit agresive, provoc\u00e2nd daune autospecialei prin aruncarea de pietre \u0219i alte obiecte dure\u201d<\/em>, au declarat reprezentan\u021bii Poli\u021biei Capitalei.<\/p>\n<p>Pentru a controla situa\u021bia, au fost chema\u021bi lupt\u0103torii Serviciului pentru Ac\u021biuni Speciale, precum \u0219i jandarmi, care au intervenit pentru a aplana conflictul.<\/p>\n<p>\u00cen urma alterca\u021biei, autospeciala de poli\u021bie a suferit daune semnificative: aripa din dreapta-fa\u021b\u0103 a fost avariat\u0103, iar capota motorului a fost deformat\u0103.<\/p>\n<p>Pe parcursul incidentului, la fa\u021ba locului s-au adunat \u0219i curio\u0219i, \u00eens\u0103 ace\u0219tia nu au adoptat un comportament agresiv, conform declara\u021biilor poli\u021bi\u0219tilor.<\/p>\n<p>Autorit\u0103\u021bile au reu\u0219it s\u0103 identifice mai multe persoane implicate \u00een scandal, care au fost conduse la sediul poli\u021biei pentru audieri.<\/p>\n<p>Poli\u021bia continu\u0103 investiga\u021biile pentru a identifica to\u021bi cei implica\u021bi \u0219i pentru a lua m\u0103surile legale necesare \u00een acest caz.<\/p>\n","protected":false},"excerpt":{"rendered":"<p>O interven\u021bie aparent simpl\u0103 a Poli\u021biei Capitalei s-a transformat, duminic\u0103, \u00eentr-un scandal de propor\u021bii, necesit\u00e2nd suportul lupt\u0103torilor SAS \u0219i al jandarmilor din Bucure\u0219ti. Incidentul a fost raportat Poli\u021biei Capitalei, care a fost chemat\u0103 s\u0103 intervin\u0103 pentru a lini\u0219ti un grup de persoane ce ascultau muzic\u0103 la un volum excesiv pe o strad\u0103 din Sectorul 4. [&hellip;]<\/p>\n","protected":false},"author":2,"featured_media":16116,"comment_status":"open","ping_status":"open","sticky":false,"template":"","format":"standard","meta":{"jnews-multi-image_gallery":[],"jnews_single_post":[],"jnews_primary_category":[],"jnews_override_counter":[],"footnotes":""},"categories":[39],"tags":[6125,18442,2437,3736,271,822,1630,11375],"class_list":["post-16115","post","type-post","status-publish","format-standard","has-post-thumbnail","hentry","category-stirile-zilei","tag-agresivitate","tag-autospeciala","tag-interventie","tag-jandarmi","tag-muzica","tag-politia-capitalei","tag-scandal","tag-sectorul-4"],"_links":{"self":[{"href":"https:\/\/www.newsrecorder.ro\/app\/wp-json\/wp\/v2\/posts\/16115","targetHints":{"allow":["GET"]}}],"collection":[{"href":"https:\/\/www.newsrecorder.ro\/app\/wp-json\/wp\/v2\/posts"}],"about":[{"href":"https:\/\/www.newsrecorder.ro\/app\/wp-json\/wp\/v2\/types\/post"}],"author":[{"embeddable":true,"href":"https:\/\/www.newsrecorder.ro\/app\/wp-json\/wp\/v2\/users\/2"}],"replies":[{"embeddable":true,"href":"https:\/\/www.newsrecorder.ro\/app\/wp-json\/wp\/v2\/comments?post=16115"}],"version-history":[{"count":0,"href":"https:\/\/www.newsrecorder.ro\/app\/wp-json\/wp\/v2\/posts\/16115\/revisions"}],"wp:featuredmedia":[{"embeddable":true,"href":"https:\/\/www.newsrecorder.ro\/app\/wp-json\/wp\/v2\/media\/16116"}],"wp:attachment":[{"href":"https:\/\/www.newsrecorder.ro\/app\/wp-json\/wp\/v2\/media?parent=16115"}],"wp:term":[{"taxonomy":"category","embeddable":true,"href":"https:\/\/www.newsrecorder.ro\/app\/wp-json\/wp\/v2\/categories?post=16115"},{"taxonomy":"post_tag","embeddable":true,"href":"https:\/\/www.newsrecorder.ro\/app\/wp-json\/wp\/v2\/tags?post=16115"}],"curies":[{"name":"wp","href":"https:\/\/api.w.org\/{rel}","templated":true}]}}