{"id":16119,"date":"2026-04-26T22:14:28","date_gmt":"2026-04-26T22:14:28","guid":{"rendered":"https:\/\/www.newsrecorder.ro\/app\/2026\/04\/26\/bolojan-promite-ajutoare-rapide-pentru-familiile-afectate-de-incendiul-din-vrancea\/"},"modified":"2026-04-26T22:14:28","modified_gmt":"2026-04-26T22:14:28","slug":"bolojan-promite-ajutoare-rapide-pentru-familiile-afectate-de-incendiul-din-vrancea","status":"publish","type":"post","link":"https:\/\/www.newsrecorder.ro\/app\/2026\/04\/26\/bolojan-promite-ajutoare-rapide-pentru-familiile-afectate-de-incendiul-din-vrancea\/","title":{"rendered":"Bolojan promite ajutoare rapide pentru familiile afectate de incendiul din Vrancea"},"content":{"rendered":"<p>\u201eAm men\u021binut leg\u0103tura cu autorit\u0103\u021bile pe parcursul \u00eentregii interven\u021bii. \u00cen aceast\u0103 sear\u0103, am verificat c\u0103 toate persoanele evacuate din gospod\u0103riile afectate de incendiu au la dispozi\u021bie solu\u021bii de cazare \u0219i bunuri de prim\u0103 necesitate\u201d, a declarat Bolojan.<\/p>\n<p>Premierul a ad\u0103ugat c\u0103 \u201eGuvernul va oferi ajutoare familiilor afectate de aceast\u0103 tragedie. CNSU va aproba m\u00e2ine fondurile necesare pentru un sprijin de urgen\u021b\u0103, care va fi acordat p\u00e2n\u0103 joi.\u201d<\/p>\n<p>Conform premierului, pagubele provocate de <a href=\"https:\/\/www.mediafax.ro\/social\/incendiu-puternic-intr-un-sat-din-vrancea-incendiul-s-a-extins-la-32-de-case-a-fost-emis-mesaj-ro-alert-23726696\" target=\"_blank\" rel=\"noopener\"><strong>incendiul ce a distrus 32 de locuin\u021be<\/strong><\/a> \u00een satul Ruc\u0103reni vor fi evaluate s\u0103pt\u0103m\u00e2na viitoare. De asemenea, se va analiza situa\u021bia fiec\u0103rei gospod\u0103rii pentru a stabili sumele ce vor fi oferite celor care au r\u0103mas f\u0103r\u0103 ad\u0103post.<\/p>\n<p>\u201eVreau s\u0103 mul\u021bumesc tuturor celor care au contribuit la interven\u021bie: pompierilor din Vrancea, Bac\u0103u, Buz\u0103u, Gala\u021bi, Bra\u0219ov \u0219i Covasna, echipajelor SMURD, jandarmilor, poli\u021bi\u0219tilor \u0219i cet\u0103\u021benilor care s-au mobilizat pe parcursul \u00eentregii zile, \u00een condi\u021bii dificile\u201d, a \u00eencheiat Bolojan.<\/p>\n<p>Este important de men\u021bionat c\u0103, duminic\u0103 diminea\u021ba, \u00een jurul orei 10:00, mai multe locuin\u021be au fost cuprinse de fl\u0103c\u0103ri, incendiul extinz\u00e2ndu-se pe parcursul zilei din cauza v\u00e2ntului puternic. La fa\u021ba locului au fost trimise 13 autospeciale pentru a combate focul.<\/p>\n","protected":false},"excerpt":{"rendered":"<p>\u201eAm men\u021binut leg\u0103tura cu autorit\u0103\u021bile pe parcursul \u00eentregii interven\u021bii. \u00cen aceast\u0103 sear\u0103, am verificat c\u0103 toate persoanele evacuate din gospod\u0103riile afectate de incendiu au la dispozi\u021bie solu\u021bii de cazare \u0219i bunuri de prim\u0103 necesitate\u201d, a declarat Bolojan. Premierul a ad\u0103ugat c\u0103 \u201eGuvernul va oferi ajutoare familiilor afectate de aceast\u0103 tragedie. CNSU va aproba m\u00e2ine fondurile [&hellip;]<\/p>\n","protected":false},"author":2,"featured_media":16120,"comment_status":"open","ping_status":"open","sticky":false,"template":"","format":"standard","meta":{"jnews-multi-image_gallery":[],"jnews_single_post":[],"jnews_primary_category":[],"jnews_override_counter":[],"footnotes":""},"categories":[39],"tags":[7474,2179,301,689,2437,1013,18371,18446],"class_list":["post-16119","post","type-post","status-publish","format-standard","has-post-thumbnail","hentry","category-stirile-zilei","tag-ajutoare","tag-evacuare","tag-guvern","tag-incendiu","tag-interventie","tag-pagube","tag-rucareni","tag-sprijin-de-urgenta"],"_links":{"self":[{"href":"https:\/\/www.newsrecorder.ro\/app\/wp-json\/wp\/v2\/posts\/16119","targetHints":{"allow":["GET"]}}],"collection":[{"href":"https:\/\/www.newsrecorder.ro\/app\/wp-json\/wp\/v2\/posts"}],"about":[{"href":"https:\/\/www.newsrecorder.ro\/app\/wp-json\/wp\/v2\/types\/post"}],"author":[{"embeddable":true,"href":"https:\/\/www.newsrecorder.ro\/app\/wp-json\/wp\/v2\/users\/2"}],"replies":[{"embeddable":true,"href":"https:\/\/www.newsrecorder.ro\/app\/wp-json\/wp\/v2\/comments?post=16119"}],"version-history":[{"count":0,"href":"https:\/\/www.newsrecorder.ro\/app\/wp-json\/wp\/v2\/posts\/16119\/revisions"}],"wp:featuredmedia":[{"embeddable":true,"href":"https:\/\/www.newsrecorder.ro\/app\/wp-json\/wp\/v2\/media\/16120"}],"wp:attachment":[{"href":"https:\/\/www.newsrecorder.ro\/app\/wp-json\/wp\/v2\/media?parent=16119"}],"wp:term":[{"taxonomy":"category","embeddable":true,"href":"https:\/\/www.newsrecorder.ro\/app\/wp-json\/wp\/v2\/categories?post=16119"},{"taxonomy":"post_tag","embeddable":true,"href":"https:\/\/www.newsrecorder.ro\/app\/wp-json\/wp\/v2\/tags?post=16119"}],"curies":[{"name":"wp","href":"https:\/\/api.w.org\/{rel}","templated":true}]}}