{"id":16141,"date":"2026-04-27T02:19:21","date_gmt":"2026-04-27T02:19:21","guid":{"rendered":"https:\/\/www.newsrecorder.ro\/app\/2026\/04\/27\/tragedie-pe-fundalul-comemorarii-cernobil-16-morti-in-ucraina-si-rusia\/"},"modified":"2026-04-27T02:19:21","modified_gmt":"2026-04-27T02:19:21","slug":"tragedie-pe-fundalul-comemorarii-cernobil-16-morti-in-ucraina-si-rusia","status":"publish","type":"post","link":"https:\/\/www.newsrecorder.ro\/app\/2026\/04\/27\/tragedie-pe-fundalul-comemorarii-cernobil-16-morti-in-ucraina-si-rusia\/","title":{"rendered":"Tragedie pe fundalul comemor\u0103rii Cernob\u00eel: 16 mor\u021bi \u00een Ucraina \u0219i Rusia"},"content":{"rendered":"<p>\u00cen ultimele 24 de ore, cel pu\u021bin 16 persoane au fost ucise \u00een urma unor atacuri ce au avut loc \u00een Ucraina, at\u00e2t \u00een regiunile ocupate de Rusia, c\u00e2t \u0219i pe teritoriul rus. Aceast\u0103 situa\u021bie tragic\u0103 coincide simbolic cu aniversarea a 40 de ani de la catastrofa nuclear\u0103 de la <a href=\"https:\/\/www.mediafax.ro\/stirile-zilei\/40-de-ani-de-la-catastrofa-nucleara-maia-sandu-merge-duminica-la-cernobil-23726657\">Cernob\u00eel<\/a>, conform raport\u0103rilor agen\u021biei <a href=\"https:\/\/newsroom.ap.org\/home\">AP<\/a>.<\/p>\n<p>\u00cen ora\u0219ul Dnipro, atacurile cu drone \u0219i rachete lansate de for\u021bele ruse au dus la moartea a cel pu\u021bin nou\u0103 persoane, conform declara\u021biilor oficialilor locali.<\/p>\n<p>De asemenea, alte victime au fost raportate \u00een zonele controlate de Rusia \u0219i pe teritoriul Federa\u021biei Ruse. La Sevastopol, un b\u0103rbat a fost ucis \u00een urma unui atac ucrainean, iar \u00een regiunea Luhansk, cel pu\u021bin cinci persoane au murit \u00een atacuri cu drone. O femeie a fost, de asemenea, ucis\u0103 \u00een regiunea rus\u0103 Belgorod.<\/p>\n<p>Pre\u0219edintele ucrainean, Volodimir Zelenski, a marcat aniversarea de la Cernob\u00eel printr-o avertizare serioas\u0103, sus\u021bin\u00e2nd c\u0103 atacurile ruse\u0219ti din apropierea instala\u021biilor nucleare ar putea provoca un nou dezastru. El a acuzat Moscova de \u201eterorism nuclear\u201d, f\u0103c\u00e2nd referire la incidentele \u00een care dronele au survolat sau au lovit structuri de protec\u021bie ale centralei.<\/p>\n<p>\u00cengrijor\u0103rile cu privire la securitatea nuclear\u0103 au fost repetate \u0219i de Rafael Grossi, directorul Agen\u021biei Interna\u021bionale pentru Energie Atomic\u0103, care se afl\u0103 \u00een vizit\u0103 la Kiev. Acesta a subliniat c\u0103 structura de protec\u021bie a centralei de la Cernob\u00eel a fost deja afectat\u0103 de un atac anterior \u0219i necesit\u0103 repara\u021bii urgente. Costurile acestor repara\u021bii sunt estimate la cel pu\u021bin 500 de milioane de euro, \u00een condi\u021biile \u00een care finan\u021b\u0103rile promisiune nu ating acest nivel.<\/p>\n<p>\u00cen acela\u0219i timp, conflictul continu\u0103 s\u0103 se extind\u0103 dincolo de linia frontului. Armata ucrainean\u0103 a raportat c\u0103 a lovit o rafin\u0103rie de petrol din regiunea rus\u0103 Iaroslavl, provoc\u00e2nd incendii la o instala\u021bie strategic\u0103 pentru aprovizionarea militar\u0103 a Rusiei.<\/p>\n<p>Pe fondul acestor evolu\u021bii, Moscova \u00ee\u0219i \u00eent\u0103re\u0219te alian\u021bele externe. Ministrul rus al Ap\u0103r\u0103rii, Andrei Belousov, a avut recent o \u00eent\u00e2lnire cu liderul nord-coreean Kim Jong-un, unde au discutat despre extinderea cooper\u0103rii militare. Conform oficialilor ru\u0219i, aceast\u0103 colaborare ar urma s\u0103 devin\u0103 pe termen lung, av\u00e2nd \u00een vedere c\u0103 Phenianul a \u00eenceput deja s\u0103 trimit\u0103 trupe \u0219i armament \u00een sprijinul Rusiei.<\/p>\n<p>Astfel, r\u0103zboiul, aflat \u00een al patrulea an, continu\u0103 s\u0103 provoace victime \u0219i s\u0103 alimenteze temeri tot mai mari cu privire la riscurile extinderii conflictului \u0219i impactul asupra securit\u0103\u021bii nucleare din regiune.<\/p>\n","protected":false},"excerpt":{"rendered":"<p>\u00cen ultimele 24 de ore, cel pu\u021bin 16 persoane au fost ucise \u00een urma unor atacuri ce au avut loc \u00een Ucraina, at\u00e2t \u00een regiunile ocupate de Rusia, c\u00e2t \u0219i pe teritoriul rus. Aceast\u0103 situa\u021bie tragic\u0103 coincide simbolic cu aniversarea a 40 de ani de la catastrofa nuclear\u0103 de la Cernob\u00eel, conform raport\u0103rilor agen\u021biei AP. [&hellip;]<\/p>\n","protected":false},"author":2,"featured_media":16142,"comment_status":"open","ping_status":"open","sticky":false,"template":"","format":"standard","meta":{"jnews-multi-image_gallery":[],"jnews_single_post":[],"jnews_primary_category":[],"jnews_override_counter":[],"footnotes":""},"categories":[41],"tags":[1084,5345,924,925,681,682,694,1030],"class_list":["post-16141","post","type-post","status-publish","format-standard","has-post-thumbnail","hentry","category-externe","tag-atacuri","tag-cernobil","tag-drone","tag-rachete","tag-rusia","tag-ucraina","tag-victime","tag-zelenski"],"_links":{"self":[{"href":"https:\/\/www.newsrecorder.ro\/app\/wp-json\/wp\/v2\/posts\/16141","targetHints":{"allow":["GET"]}}],"collection":[{"href":"https:\/\/www.newsrecorder.ro\/app\/wp-json\/wp\/v2\/posts"}],"about":[{"href":"https:\/\/www.newsrecorder.ro\/app\/wp-json\/wp\/v2\/types\/post"}],"author":[{"embeddable":true,"href":"https:\/\/www.newsrecorder.ro\/app\/wp-json\/wp\/v2\/users\/2"}],"replies":[{"embeddable":true,"href":"https:\/\/www.newsrecorder.ro\/app\/wp-json\/wp\/v2\/comments?post=16141"}],"version-history":[{"count":0,"href":"https:\/\/www.newsrecorder.ro\/app\/wp-json\/wp\/v2\/posts\/16141\/revisions"}],"wp:featuredmedia":[{"embeddable":true,"href":"https:\/\/www.newsrecorder.ro\/app\/wp-json\/wp\/v2\/media\/16142"}],"wp:attachment":[{"href":"https:\/\/www.newsrecorder.ro\/app\/wp-json\/wp\/v2\/media?parent=16141"}],"wp:term":[{"taxonomy":"category","embeddable":true,"href":"https:\/\/www.newsrecorder.ro\/app\/wp-json\/wp\/v2\/categories?post=16141"},{"taxonomy":"post_tag","embeddable":true,"href":"https:\/\/www.newsrecorder.ro\/app\/wp-json\/wp\/v2\/tags?post=16141"}],"curies":[{"name":"wp","href":"https:\/\/api.w.org\/{rel}","templated":true}]}}