{"id":16145,"date":"2026-04-27T03:12:42","date_gmt":"2026-04-27T03:12:42","guid":{"rendered":"https:\/\/www.newsrecorder.ro\/app\/2026\/04\/27\/atac-devastator-in-mali-seful-apararii-ucis-jihadistii-castiga-teren\/"},"modified":"2026-04-27T03:12:42","modified_gmt":"2026-04-27T03:12:42","slug":"atac-devastator-in-mali-seful-apararii-ucis-jihadistii-castiga-teren","status":"publish","type":"post","link":"https:\/\/www.newsrecorder.ro\/app\/2026\/04\/27\/atac-devastator-in-mali-seful-apararii-ucis-jihadistii-castiga-teren\/","title":{"rendered":"Atac devastator \u00een Mali: \u0218eful ap\u0103r\u0103rii ucis, jihadi\u0219tii c\u00e2\u0219tig\u0103 teren"},"content":{"rendered":"<p>Criza de securitate din Mali se agraveaz\u0103 dramatic, dup\u0103 uciderea \u0219efului ap\u0103r\u0103rii, Sadio Camara, \u00een urma unui atac coordonat de jihadi\u0219ti \u0219i rebeli separati\u0219ti. Acest incident a avut loc \u00eentr-un context de violen\u021be f\u0103r\u0103 precedent, iar informa\u021biile au fost confirmate de autorit\u0103\u021bile de la Bamako, care au anun\u021bat c\u0103 generalul a murit dup\u0103 ce a fost r\u0103nit \u00een atacul asupra re\u0219edin\u021bei sale.<\/p>\n<p>Atacul a fost descris ca un atentat sinuciga\u0219, urmat de lupte intense, \u00een care Camara a reu\u0219it s\u0103 neutralizeze c\u00e2\u021biva dintre atacatori \u00eenainte de a fi transportat la spital, unde a decedat.<\/p>\n<p>Violen\u021bele de s\u00e2mb\u0103t\u0103 sunt considerate printre cele mai ample din ultimii ani. Atacurile au vizat nu doar capitala Bamako, ci \u0219i alte ora\u0219e importante, pun\u00e2nd sub presiune at\u00e2t armata malian\u0103, c\u00e2t \u0219i sprijinul militar oferit de Rusia, care are trupe \u0219i contractori \u00een \u021bar\u0103. Aceast\u0103 situa\u021bie este cu at\u00e2t mai grav\u0103 cu c\u00e2t, pentru prima dat\u0103, grup\u0103rile separatiste \u0219i jihadi\u0219tii au ac\u021bionat \u00een mod coordonat.<\/p>\n<p>Coali\u021bia rebel\u0103, format\u0103 din Frontul de Eliberare Azawad \u0219i gruparea afiliat\u0103 al-Qaida JNIM, a revendicat responsabilitatea pentru ac\u021biunile coordonate \u00een diverse regiuni ale \u021b\u0103rii.<\/p>\n<p>\u00cen nordul Mali, separati\u0219tii au anun\u021bat c\u0103 au preluat controlul asupra ora\u0219ului Kidal, un bastion istoric al rebeliunii. Armata malian\u0103 a confirmat retragerea din zon\u0103 \u0219i repozi\u021bionarea for\u021belor \u00een localitatea Anefis, situat\u0103 la aproximativ 100 de kilometri distan\u021b\u0103. Kidal fusese recucerit \u00een 2023 de for\u021bele guvernamentale, cu ajutorul alia\u021bilor ru\u0219i, \u0219i era v\u0103zut ca un simbol al controlului statului asupra nordului instabil.<\/p>\n<p>Autorit\u0103\u021bile nu au oferit un bilan\u021b complet al victimelor, dar au raportat cel pu\u021bin 16 r\u0103ni\u021bi, at\u00e2t civili, c\u00e2t \u0219i militari. Ca m\u0103sur\u0103 de precau\u021bie, a fost impus\u0103 o interdic\u021bie de circula\u021bie pe timpul nop\u021bii \u00een capital\u0103. \u00cen acela\u0219i timp, comunitatea regional\u0103 ECOWAS a condamnat atacurile \u0219i a f\u0103cut apel la o mobilizare comun\u0103 \u00eempotriva grup\u0103rilor armate.<\/p>\n<p>Conflictul din Mali, care dureaz\u0103 de mai bine de un deceniu, implic\u0103 at\u00e2t insurgen\u021bi islami\u0219ti afilia\u021bi al-Qaida \u0219i Statul Islamic, c\u00e2t \u0219i rebeli separati\u0219ti care cer independen\u021ba nordului. Dup\u0103 loviturile de stat din regiune, juntele militare din Mali, Niger \u0219i Burkina Faso au c\u0103utat s\u0103 se apropie de Rusia, renun\u021b\u00e2nd la sprijinul occidental. Cu toate acestea, deteriorarea situa\u021biei de securitate \u0219i atacurile recente pun sub semnul \u00eentreb\u0103rii eficien\u021ba parteneriatului militar cu Moscova.<\/p>\n<p>Anali\u0219tii avertizeaz\u0103 c\u0103, de\u0219i capitala nu este \u00een pericol iminent, intensificarea atacurilor \u0219i colaborarea dintre grup\u0103rile armate marcheaz\u0103 o nou\u0103 etap\u0103 periculoas\u0103 \u00een conflictul din Mali.<\/p>\n","protected":false},"excerpt":{"rendered":"<p>Criza de securitate din Mali se agraveaz\u0103 dramatic, dup\u0103 uciderea \u0219efului ap\u0103r\u0103rii, Sadio Camara, \u00een urma unui atac coordonat de jihadi\u0219ti \u0219i rebeli separati\u0219ti. Acest incident a avut loc \u00eentr-un context de violen\u021be f\u0103r\u0103 precedent, iar informa\u021biile au fost confirmate de autorit\u0103\u021bile de la Bamako, care au anun\u021bat c\u0103 generalul a murit dup\u0103 ce a [&hellip;]<\/p>\n","protected":false},"author":2,"featured_media":16146,"comment_status":"open","ping_status":"open","sticky":false,"template":"","format":"standard","meta":{"jnews-multi-image_gallery":[],"jnews_single_post":[],"jnews_primary_category":[],"jnews_override_counter":[],"footnotes":""},"categories":[41],"tags":[18337,914,18469,18338,17560,18468,874,3153],"class_list":["post-16145","post","type-post","status-publish","format-standard","has-post-thumbnail","hentry","category-externe","tag-armata-maliana","tag-atac","tag-bamako","tag-jihadisti","tag-mali","tag-rebeli","tag-securitate","tag-violente"],"_links":{"self":[{"href":"https:\/\/www.newsrecorder.ro\/app\/wp-json\/wp\/v2\/posts\/16145","targetHints":{"allow":["GET"]}}],"collection":[{"href":"https:\/\/www.newsrecorder.ro\/app\/wp-json\/wp\/v2\/posts"}],"about":[{"href":"https:\/\/www.newsrecorder.ro\/app\/wp-json\/wp\/v2\/types\/post"}],"author":[{"embeddable":true,"href":"https:\/\/www.newsrecorder.ro\/app\/wp-json\/wp\/v2\/users\/2"}],"replies":[{"embeddable":true,"href":"https:\/\/www.newsrecorder.ro\/app\/wp-json\/wp\/v2\/comments?post=16145"}],"version-history":[{"count":0,"href":"https:\/\/www.newsrecorder.ro\/app\/wp-json\/wp\/v2\/posts\/16145\/revisions"}],"wp:featuredmedia":[{"embeddable":true,"href":"https:\/\/www.newsrecorder.ro\/app\/wp-json\/wp\/v2\/media\/16146"}],"wp:attachment":[{"href":"https:\/\/www.newsrecorder.ro\/app\/wp-json\/wp\/v2\/media?parent=16145"}],"wp:term":[{"taxonomy":"category","embeddable":true,"href":"https:\/\/www.newsrecorder.ro\/app\/wp-json\/wp\/v2\/categories?post=16145"},{"taxonomy":"post_tag","embeddable":true,"href":"https:\/\/www.newsrecorder.ro\/app\/wp-json\/wp\/v2\/tags?post=16145"}],"curies":[{"name":"wp","href":"https:\/\/api.w.org\/{rel}","templated":true}]}}