{"id":16149,"date":"2026-04-27T05:59:39","date_gmt":"2026-04-27T05:59:39","guid":{"rendered":"https:\/\/www.newsrecorder.ro\/app\/2026\/04\/27\/secretul-stilului-inconfundabil-al-frantuzoaicelor\/"},"modified":"2026-04-27T05:59:39","modified_gmt":"2026-04-27T05:59:39","slug":"secretul-stilului-inconfundabil-al-frantuzoaicelor","status":"publish","type":"post","link":"https:\/\/www.newsrecorder.ro\/app\/2026\/04\/27\/secretul-stilului-inconfundabil-al-frantuzoaicelor\/","title":{"rendered":"Secretul stilului inconfundabil al fran\u021buzoaicelor!"},"content":{"rendered":"<p>De c\u00e2nd a ap\u0103rut \u201eEmily in Paris\u201d, moda \u201e\u0219ic\u201d a devenit o obsesie global\u0103. Toat\u0103 lumea pare s\u0103 fie \u00een c\u0103utarea acelui stil vestimentar sofisticat, care s\u0103 impresioneze. Aceasta implic\u0103 ore \u00eentregi de explorare prin magazine exclusiviste, \u00een speran\u021ba de a g\u0103si acea pies\u0103 unic\u0103, greu de g\u0103sit, \u0219i, desigur, bereta iconic\u0103!<\/p>\n<p>Dac\u0103 ai citit m\u0103car o carte sau ai vizionat filme dincolo de cele de ac\u021biune, cu siguran\u021b\u0103 \u00ee\u021bi formezi o imagine idealizat\u0103 despre frumuse\u021bea etern\u0103 a femeilor fran\u021buzoaice. Dar, de multe ori, realitatea este diferit\u0103.<\/p>\n<p>A\u0219adar, ai investit \u00een berete care s\u0103 \u00ee\u021bi completeze garderoba, dar nu aceasta este cheia. Poate ai crezut c\u0103 dungiile albastre de marinar sunt solu\u021bia, dar nici acestea nu sunt suficiente. Dac\u0103 te \u00eembraci \u00een stilul \u201eEmily in Paris\u201d \u00een inima Parisului, localnicii vor observa imediat c\u0103 e\u0219ti o turist\u0103, total rupt\u0103 de realitate. \u201eDeparte, singur\u0103-n noapte\u201d ar putea fi descrierea perfect\u0103 a unei astfel de situa\u021bii.<\/p>\n<p>\u00cens\u0103, exist\u0103 o pies\u0103 vestimentar\u0103 care te poate transforma cu adev\u0103rat \u00eentr-o fran\u021buzoaic\u0103 autentic\u0103. Este simpl\u0103, practic\u0103 \u0219i extrem de confortabil\u0103: trench-ul.<\/p>\n<p><a href=\"https:\/\/www.mediafax.ro\/life-inedit\/casa-de-moda-yves-saint-laurent-implineste-50-de-ani-de-existenta-9019231\">Trench-ul<\/a> \u00eembun\u0103t\u0103\u021be\u0219te \u00eentregul t\u0103u look, oferindu-i structur\u0103 \u0219i elegan\u021b\u0103. Aceast\u0103 pies\u0103 vestimentar\u0103 esen\u021bial\u0103 este un adev\u0103rat accesoriu al artei vestimentare.<\/p>\n<p>Indiferent de culoare, trench-ul este purtat cu gra\u021bie de c\u0103tre orice femeie fran\u021buzoaic\u0103. Este fascinant cum aceast\u0103 \u201ec\u00e2rpi\u021b\u0103\u201d poate s\u0103 \u00ee\u021bi transforme radical \u021binuta, f\u0103c\u00e2nd-o s\u0103 par\u0103 elegant\u0103 \u0219i bine g\u00e2ndit\u0103.<\/p>\n<p>Po\u021bi opta pentru un trench cambrat, unul oversized, sau poate chiar un trench \u00een nuan\u021be vibrante, \u00eendr\u0103zne\u021be. Pune-l peste orice, deoarece este feminin, prietenos \u0219i \u00ee\u021bi eviden\u021biaz\u0103 personalitatea.<\/p>\n<p>De la Catherine Deneuve la Audrey Hepburn, trench-ul a fost mereu aliatul femeilor. Nu te va dezam\u0103gi niciodat\u0103.<\/p>\n<p>Chiar dac\u0103 oamenii vin \u0219i pleac\u0103 din via\u021ba ta, trench-ul r\u0103m\u00e2ne un element constant.<\/p>\n<p>Este important s\u0103 \u00een\u021belegem c\u0103, \u00een stilul fran\u021buzoaic, trench-ul nu este piesa central\u0103; el nu atrage aten\u021bia \u00een mod ostentativ. Dimpotriv\u0103, adaug\u0103 echilibru \u0219i structur\u0103. Este acel detaliu care te face s\u0103 par\u0103 c\u0103 nu depui un efort excesiv (de\u0219i fiecare femeie \u0219tie c\u0103 alegerile vestimentare nu sunt niciodat\u0103 \u00eent\u00e2mpl\u0103toare).<\/p>\n<p>Trench-ul este suficient de versatil pentru a nu eclipsa celelalte piese din \u021binut\u0103, dar suficient de puternic pentru a conferi form\u0103 \u0219i stil. Este un clasic, garant\u00e2ndu-\u021bi c\u0103 nu va ie\u0219i din tendin\u021be dup\u0103 o singur\u0103 prim\u0103var\u0103.<\/p>\n<p>\u00cen esen\u021b\u0103, trench-ul este fundalul subtil al melodiei tale personale. Este nota repetitiv\u0103 dintr-o pies\u0103 de Jean-Michel Jarre, f\u0103r\u0103 de care capodopera nu ar mai avea acela\u0219i impact.<\/p>\n<p>Acest articol vestimentar reprezint\u0103 manifestul discret al personalit\u0103\u021bii tale unice. E\u0219ti selectiv\u0103, nu excesiv\u0103, natural\u0103 \u0219i \u00een armonie cu idealul de frumuse\u021be. A\u0219adar, \u00eentrebarea r\u0103m\u00e2ne: de ce sunt fran\u021buzoaicele at\u00e2t de \u0219ic?<\/p>\n<p>Pentru c\u0103 ele nu fac eforturi exagerate. \u0218i pentru c\u0103 trench-ul este mereu parte din ecua\u021bie.<\/p>\n","protected":false},"excerpt":{"rendered":"<p>De c\u00e2nd a ap\u0103rut \u201eEmily in Paris\u201d, moda \u201e\u0219ic\u201d a devenit o obsesie global\u0103. Toat\u0103 lumea pare s\u0103 fie \u00een c\u0103utarea acelui stil vestimentar sofisticat, care s\u0103 impresioneze. Aceasta implic\u0103 ore \u00eentregi de explorare prin magazine exclusiviste, \u00een speran\u021ba de a g\u0103si acea pies\u0103 unic\u0103, greu de g\u0103sit, \u0219i, desigur, bereta iconic\u0103! Dac\u0103 ai citit [&hellip;]<\/p>\n","protected":false},"author":7,"featured_media":16150,"comment_status":"open","ping_status":"open","sticky":false,"template":"","format":"standard","meta":{"jnews-multi-image_gallery":[],"jnews_single_post":[],"jnews_primary_category":[],"jnews_override_counter":[],"footnotes":""},"categories":[43],"tags":[18473,18471,18474,18476,1183,18475,18477,18472],"class_list":["post-16149","post","type-post","status-publish","format-standard","has-post-thumbnail","hentry","category-cultura","tag-bereta","tag-emily-in-paris","tag-femei-frantuzoaice","tag-garderoba","tag-moda","tag-obsesie-globala","tag-sofisticat","tag-stil-vestimentar"],"_links":{"self":[{"href":"https:\/\/www.newsrecorder.ro\/app\/wp-json\/wp\/v2\/posts\/16149","targetHints":{"allow":["GET"]}}],"collection":[{"href":"https:\/\/www.newsrecorder.ro\/app\/wp-json\/wp\/v2\/posts"}],"about":[{"href":"https:\/\/www.newsrecorder.ro\/app\/wp-json\/wp\/v2\/types\/post"}],"author":[{"embeddable":true,"href":"https:\/\/www.newsrecorder.ro\/app\/wp-json\/wp\/v2\/users\/7"}],"replies":[{"embeddable":true,"href":"https:\/\/www.newsrecorder.ro\/app\/wp-json\/wp\/v2\/comments?post=16149"}],"version-history":[{"count":0,"href":"https:\/\/www.newsrecorder.ro\/app\/wp-json\/wp\/v2\/posts\/16149\/revisions"}],"wp:featuredmedia":[{"embeddable":true,"href":"https:\/\/www.newsrecorder.ro\/app\/wp-json\/wp\/v2\/media\/16150"}],"wp:attachment":[{"href":"https:\/\/www.newsrecorder.ro\/app\/wp-json\/wp\/v2\/media?parent=16149"}],"wp:term":[{"taxonomy":"category","embeddable":true,"href":"https:\/\/www.newsrecorder.ro\/app\/wp-json\/wp\/v2\/categories?post=16149"},{"taxonomy":"post_tag","embeddable":true,"href":"https:\/\/www.newsrecorder.ro\/app\/wp-json\/wp\/v2\/tags?post=16149"}],"curies":[{"name":"wp","href":"https:\/\/api.w.org\/{rel}","templated":true}]}}