{"id":16157,"date":"2026-04-27T06:00:51","date_gmt":"2026-04-27T06:00:51","guid":{"rendered":"https:\/\/www.newsrecorder.ro\/app\/2026\/04\/27\/nicusor-dan-negociaza-astazi-cu-liderii-partidelor-ce-se-discuta\/"},"modified":"2026-04-27T06:00:51","modified_gmt":"2026-04-27T06:00:51","slug":"nicusor-dan-negociaza-astazi-cu-liderii-partidelor-ce-se-discuta","status":"publish","type":"post","link":"https:\/\/www.newsrecorder.ro\/app\/2026\/04\/27\/nicusor-dan-negociaza-astazi-cu-liderii-partidelor-ce-se-discuta\/","title":{"rendered":"Nicu\u0219or Dan negociaz\u0103 ast\u0103zi cu liderii partidelor: ce se discut\u0103?"},"content":{"rendered":"<p>Pre\u0219edintele Rom\u00e2niei, Nicu\u0219or Dan, va avea ast\u0103zi o \u00eent\u00e2lnire important\u0103 la Palatul Cotroceni cu liderii principalelor partide politice: PSD, PNL, USR, UDMR, precum \u0219i cu reprezentan\u021bi ai minorit\u0103\u021bilor na\u021bionale. Aceast\u0103 \u00eent\u00e2lnire este programat\u0103 s\u0103 \u00eenceap\u0103 la ora 10:00, conform informa\u021biilor furnizate de Administra\u021bia Preziden\u021bial\u0103.<\/p>\n<p>\u00cen s\u0103pt\u0103m\u00e2na trecut\u0103, Nicu\u0219or Dan a ini\u021biat consult\u0103ri cu partidele politice, ca urmare a retragerii sprijinului acordat premierului Ilie Bolojan de c\u0103tre PSD. \u00cen cadrul acestor discu\u021bii, pre\u0219edintele a subliniat importan\u021ba \u201edezescalad\u0103rii\u201d tension\u0103rii politice \u0219i a men\u021bionat c\u0103 toate forma\u021biunile politice au exprimat dorin\u021ba de a colabora \u00een leg\u0103tur\u0103 cu proiectele esen\u021biale pe care Rom\u00e2nia le va aborda \u00een perioada urm\u0103toare.<\/p>\n<p>\u201eFiecare din partidele care au venit azi \u0219i reprezentan\u021bii minorit\u0103\u021bilor na\u021bionale au afirmat clar c\u0103 exclud o guvernare cu for\u021be anti-occidentale. De asemenea, au ar\u0103tat disponibilitatea de a coopera \u00een mod special pe proiectele esen\u021biale, cum ar fi cele legate de OECD, SAFE \u0219i PNRR. Trebuie s\u0103 r\u0103m\u00e2nem calmi \u0219i s\u0103 dep\u0103\u0219im aceste provoc\u0103ri\u201d, a declarat Nicu\u0219or Dan dup\u0103 consult\u0103rile recente.<\/p>\n<p>\u00cen contextul acestor evenimente politice, s\u0103pt\u0103m\u00e2na trecut\u0103, mini\u0219trii PSD din guvern \u0219i-au anun\u021bat demisiile. Printre ace\u0219tia se num\u0103r\u0103 vicepremierul Marian Neac\u0219u \u0219i \u0219ase mini\u0219tri: Alexandru Rogobete (S\u0103n\u0103tate), Radu Marinescu (Justi\u021bie), Florin Barbu (Agricultur\u0103), Florin Manole (Munc\u0103), Bogdan Ivan (Energie) \u0219i Ciprian \u0218erban (Transporturi).<\/p>\n<p>\u00cen aceea\u0219i s\u0103pt\u0103m\u00e2n\u0103, pre\u0219edintele a semnat demisiile mini\u0219trilor PSD \u0219i a avizat propunerile pentru mini\u0219tri interimari. Astfel, portofoliile au fost redistribuite interimar, dup\u0103 cum urmeaz\u0103:<\/p>\n<ul>\n<li><strong>Ministerul Muncii:<\/strong> Drago\u0219 P\u00eeslaru, ministrul Proiectelor Europene<\/li>\n<li><strong>Ministerul S\u0103n\u0103t\u0103\u021bii:<\/strong> Cseke Attila, ministrul Dezvolt\u0103rii (UDMR)<\/li>\n<li><strong>Ministerul Agriculturii:<\/strong> Tanczos Barna, vicepremier (UDMR)<\/li>\n<li><strong>Ministerul Justi\u021biei:<\/strong> C\u0103t\u0103lin Predoiu, ministrul Afacerilor Interne (PNL)<\/li>\n<li><strong>Ministerul Energiei:<\/strong> Ilie Bolojan (pentru detalii suplimentare, consulta\u021bi <a style=\"color: #0000ff\" href=\"https:\/\/www.mediafax.ro\/stirile-zilei\/ilie-bolojan-preia-sefia-la-ministerul-energiei-voi-lua-masuri-ca-energia-in-romania-sa-fie-mai-ieftina-23725241\" target=\"_blank\" rel=\"noopener\">aceast\u0103 surs\u0103<\/a>)<\/li>\n<li><strong>Ministerul Transporturilor:<\/strong> Radu Miru\u021b\u0103, ministrul Ap\u0103r\u0103rii (USR)<\/li>\n<li><strong>Atribu\u021biile vicepremierului Marian Neac\u0219u:<\/strong> preluate de Oana Gheorghiu<\/li>\n<\/ul>\n","protected":false},"excerpt":{"rendered":"<p>Pre\u0219edintele Rom\u00e2niei, Nicu\u0219or Dan, va avea ast\u0103zi o \u00eent\u00e2lnire important\u0103 la Palatul Cotroceni cu liderii principalelor partide politice: PSD, PNL, USR, UDMR, precum \u0219i cu reprezentan\u021bi ai minorit\u0103\u021bilor na\u021bionale. Aceast\u0103 \u00eent\u00e2lnire este programat\u0103 s\u0103 \u00eenceap\u0103 la ora 10:00, conform informa\u021biilor furnizate de Administra\u021bia Preziden\u021bial\u0103. \u00cen s\u0103pt\u0103m\u00e2na trecut\u0103, Nicu\u0219or Dan a ini\u021biat consult\u0103ri cu partidele politice, [&hellip;]<\/p>\n","protected":false},"author":2,"featured_media":16158,"comment_status":"open","ping_status":"open","sticky":false,"template":"","format":"standard","meta":{"jnews-multi-image_gallery":[],"jnews_single_post":[],"jnews_primary_category":[],"jnews_override_counter":[],"footnotes":""},"categories":[42],"tags":[2608,286,3431,627,290,300,379,2823],"class_list":["post-16157","post","type-post","status-publish","format-standard","has-post-thumbnail","hentry","category-politica","tag-intalnire","tag-nicusor-dan","tag-partide-politice","tag-pnl","tag-presedintele-romaniei","tag-psd","tag-udmr","tag-usr"],"_links":{"self":[{"href":"https:\/\/www.newsrecorder.ro\/app\/wp-json\/wp\/v2\/posts\/16157","targetHints":{"allow":["GET"]}}],"collection":[{"href":"https:\/\/www.newsrecorder.ro\/app\/wp-json\/wp\/v2\/posts"}],"about":[{"href":"https:\/\/www.newsrecorder.ro\/app\/wp-json\/wp\/v2\/types\/post"}],"author":[{"embeddable":true,"href":"https:\/\/www.newsrecorder.ro\/app\/wp-json\/wp\/v2\/users\/2"}],"replies":[{"embeddable":true,"href":"https:\/\/www.newsrecorder.ro\/app\/wp-json\/wp\/v2\/comments?post=16157"}],"version-history":[{"count":0,"href":"https:\/\/www.newsrecorder.ro\/app\/wp-json\/wp\/v2\/posts\/16157\/revisions"}],"wp:featuredmedia":[{"embeddable":true,"href":"https:\/\/www.newsrecorder.ro\/app\/wp-json\/wp\/v2\/media\/16158"}],"wp:attachment":[{"href":"https:\/\/www.newsrecorder.ro\/app\/wp-json\/wp\/v2\/media?parent=16157"}],"wp:term":[{"taxonomy":"category","embeddable":true,"href":"https:\/\/www.newsrecorder.ro\/app\/wp-json\/wp\/v2\/categories?post=16157"},{"taxonomy":"post_tag","embeddable":true,"href":"https:\/\/www.newsrecorder.ro\/app\/wp-json\/wp\/v2\/tags?post=16157"}],"curies":[{"name":"wp","href":"https:\/\/api.w.org\/{rel}","templated":true}]}}