{"id":16159,"date":"2026-04-27T06:01:20","date_gmt":"2026-04-27T06:01:20","guid":{"rendered":"https:\/\/www.newsrecorder.ro\/app\/2026\/04\/27\/radu-miruta-armistitiu-necesar-la-cotroceni-pentru-salvarea-fondurilor\/"},"modified":"2026-04-27T06:01:20","modified_gmt":"2026-04-27T06:01:20","slug":"radu-miruta-armistitiu-necesar-la-cotroceni-pentru-salvarea-fondurilor","status":"publish","type":"post","link":"https:\/\/www.newsrecorder.ro\/app\/2026\/04\/27\/radu-miruta-armistitiu-necesar-la-cotroceni-pentru-salvarea-fondurilor\/","title":{"rendered":"Radu Miru\u021b\u0103: Armisti\u021biu necesar la Cotroceni pentru salvarea fondurilor!"},"content":{"rendered":"<p>\u00cen contextul consult\u0103rilor organizate la Palatul Cotroceni, ministrul Miru\u021b\u0103 a subliniat importan\u021ba acestor \u00eent\u00e2lniri, afirm\u00e2nd: \u201eO astfel de \u00eent\u00e2lnire este mai mult dec\u00e2t binevenit\u0103. M\u0103 bucur foarte mult c\u0103 domnul pre\u0219edinte Nicu\u0219or Dan a avut ini\u021biativa, deoarece este esen\u021bial s\u0103 mai existe o f\u0103r\u00e2m\u0103 de ra\u021biune \u00een clasa politic\u0103.\u201d<\/p>\n<p>Ministrul a accentuat, de asemenea, necesitatea de a finaliza proiectele europene pentru a asigura o absorb\u021bie total\u0103 a fondurilor. \u201eEste imperativ s\u0103 existe un armisti\u021biu politic, astfel \u00eenc\u00e2t s\u0103 nu ajungem \u00een situa\u021bia de a pierde fondurile pe care Rom\u00e2nia le-ar putea accesa\u201d, a declarat Miru\u021b\u0103.<\/p>\n<p>\u00cen ceea ce prive\u0219te proiectele SAFE, oficialul a men\u021bionat: \u201eParlamentul ar trebui s\u0103 fie convocat pentru a analiza aceste contracte. Comisiile din Parlament au rolul de a procesa proiectele SAFE. Este dreptul parlamentarilor s\u0103 fac\u0103 modific\u0103ri sau amendamente, \u00eens\u0103 noi, la Ministerul Ap\u0103r\u0103rii, avem nevoie de aprobarea Parlamentului pentru a putea \u00eencheia contractele.\u201d<\/p>\n<p>Miru\u021b\u0103 a subliniat \u0219i urgen\u021ba legat\u0103 de programul SAFE, indic\u00e2nd c\u0103 \u201eavem \u00een vedere semnarea a 21 de contracte \u00eentr-un interval de timp foarte scurt. Dac\u0103 celelalte ministere sau Parlamentul vin la Ministerul Ap\u0103r\u0103rii \u0219i spun c\u0103 mai sunt doar 5 zile p\u00e2n\u0103 la termenul limit\u0103, nu ne putem adapta rapid, deoarece exist\u0103 un cadru legal care impune anumite termene.\u201d<\/p>\n<p>Referitor la rela\u021bia cu PSD, ministrul a reiterat pozi\u021bia Uniunii Salva\u021bi Rom\u00e2nia (USR), conform c\u0103reia o eventual\u0103 mo\u021biune de cenzur\u0103 ini\u021biat\u0103 de PSD \u00eempotriva guvernului Bolojan ar marca sf\u00e2r\u0219itul oric\u0103rei colabor\u0103ri viitoare \u00eentre cele dou\u0103 partide. \u201eDac\u0103 PSD va vota o mo\u021biune de cenzur\u0103 \u00een colaborare cu AUR, indiferent de \u00een\u021belegerile cu PNL sau de prezen\u021ba lui Ilie Bolojan, noi nu vom mai continua colaborarea. Aceasta nu este o abordare serioas\u0103. Rom\u00e2nia s-ar \u00eentoarce astfel la perioada Ciuc\u0103-Ciolacu, \u00een care se bat joc de votul rom\u00e2n \u0219i de democra\u021bie\u201d, a afirmat Miru\u021b\u0103.<\/p>\n<p>Luni, la ora 10:00, pre\u0219edintele Rom\u00e2niei va avea o <a style=\"color: #0000ff\" href=\"https:\/\/www.mediafax.ro\/politic\/nicusor-dan-se-intalneste-luni-cu-liderii-psd-pnl-usr-udmr-si-ai-grupului-minoritatilor-23726673\">\u00eentrevedere<\/a> cu liderii partidelor parlamentare pro-europene, inclusiv Partidul Social Democrat, Partidul Na\u021bional Liberal, Uniunea Salva\u021bi Rom\u00e2nia, Uniunea Democrat\u0103 Maghiar\u0103 din Rom\u00e2nia \u0219i Grupul Parlamentar al Minorit\u0103\u021bilor Na\u021bionale.<\/p>\n","protected":false},"excerpt":{"rendered":"<p>\u00cen contextul consult\u0103rilor organizate la Palatul Cotroceni, ministrul Miru\u021b\u0103 a subliniat importan\u021ba acestor \u00eent\u00e2lniri, afirm\u00e2nd: \u201eO astfel de \u00eent\u00e2lnire este mai mult dec\u00e2t binevenit\u0103. M\u0103 bucur foarte mult c\u0103 domnul pre\u0219edinte Nicu\u0219or Dan a avut ini\u021biativa, deoarece este esen\u021bial s\u0103 mai existe o f\u0103r\u00e2m\u0103 de ra\u021biune \u00een clasa politic\u0103.\u201d Ministrul a accentuat, de asemenea, necesitatea [&hellip;]<\/p>\n","protected":false},"author":2,"featured_media":16160,"comment_status":"open","ping_status":"open","sticky":false,"template":"","format":"standard","meta":{"jnews-multi-image_gallery":[],"jnews_single_post":[],"jnews_primary_category":[],"jnews_override_counter":[],"footnotes":""},"categories":[42],"tags":[18482,360,2731,18481,286,444,1845,18483],"class_list":["post-16159","post","type-post","status-publish","format-standard","has-post-thumbnail","hentry","category-politica","tag-armistitiu-politic","tag-consultari","tag-fonduri","tag-ministrul-miruta","tag-nicusor-dan","tag-parlament","tag-proiecte-europene","tag-proiecte-safe"],"_links":{"self":[{"href":"https:\/\/www.newsrecorder.ro\/app\/wp-json\/wp\/v2\/posts\/16159","targetHints":{"allow":["GET"]}}],"collection":[{"href":"https:\/\/www.newsrecorder.ro\/app\/wp-json\/wp\/v2\/posts"}],"about":[{"href":"https:\/\/www.newsrecorder.ro\/app\/wp-json\/wp\/v2\/types\/post"}],"author":[{"embeddable":true,"href":"https:\/\/www.newsrecorder.ro\/app\/wp-json\/wp\/v2\/users\/2"}],"replies":[{"embeddable":true,"href":"https:\/\/www.newsrecorder.ro\/app\/wp-json\/wp\/v2\/comments?post=16159"}],"version-history":[{"count":0,"href":"https:\/\/www.newsrecorder.ro\/app\/wp-json\/wp\/v2\/posts\/16159\/revisions"}],"wp:featuredmedia":[{"embeddable":true,"href":"https:\/\/www.newsrecorder.ro\/app\/wp-json\/wp\/v2\/media\/16160"}],"wp:attachment":[{"href":"https:\/\/www.newsrecorder.ro\/app\/wp-json\/wp\/v2\/media?parent=16159"}],"wp:term":[{"taxonomy":"category","embeddable":true,"href":"https:\/\/www.newsrecorder.ro\/app\/wp-json\/wp\/v2\/categories?post=16159"},{"taxonomy":"post_tag","embeddable":true,"href":"https:\/\/www.newsrecorder.ro\/app\/wp-json\/wp\/v2\/tags?post=16159"}],"curies":[{"name":"wp","href":"https:\/\/api.w.org\/{rel}","templated":true}]}}