{"id":16165,"date":"2026-04-27T10:12:45","date_gmt":"2026-04-27T10:12:45","guid":{"rendered":"https:\/\/www.newsrecorder.ro\/app\/2026\/04\/27\/florin-manole-la-final-de-mandat-o-noua-lege-a-salarizarii-fara-pierderi\/"},"modified":"2026-04-27T10:12:45","modified_gmt":"2026-04-27T10:12:45","slug":"florin-manole-la-final-de-mandat-o-noua-lege-a-salarizarii-fara-pierderi","status":"publish","type":"post","link":"https:\/\/www.newsrecorder.ro\/app\/2026\/04\/27\/florin-manole-la-final-de-mandat-o-noua-lege-a-salarizarii-fara-pierderi\/","title":{"rendered":"Florin Manole la final de mandat: O nou\u0103 lege a salariz\u0103rii f\u0103r\u0103 pierderi!"},"content":{"rendered":"<p>Fostul ministru al Muncii, Florin Manole, a sus\u021binut luni un bilan\u021b al activit\u0103\u021bii sale, venind \u00een contextul retragerii PSD de la guvernare, anun\u021bat\u0103 s\u0103pt\u0103m\u00e2na trecut\u0103. \u00cen cadrul acestui bilan\u021b, Manole a subliniat principalele m\u0103suri \u0219i reforme implementate \u00een timpul mandatului s\u0103u.<\/p>\n<p>\u201eAm direc\u021bionat resursele europene acolo unde era cea mai mare nevoie, am crescut \u0219ansele pe pia\u021ba muncii \u0219i am creat un minister mai eficient. De asemenea, am asigurat protec\u021bie \u0219i reintegrare pentru victimele traficului de persoane \u0219i am stabilit parteneriate externe cu rezultate pentru rom\u00e2nii de pretutindeni. Voi detalia acum fiecare dintre aceste ini\u021biative,\u201d a explicat Manole.<\/p>\n<p><strong>Sprijin social pentru milioane de rom\u00e2ni<\/strong><\/p>\n<p>Florin Manole a \u00eenceput prin a discuta despre impactul programelor sociale implementate.<\/p>\n<p>\u201ePachetul de solidaritate a fost un proiect dedicat peste 3 milioane de beneficiari, inclusiv pensionari, copii cu dizabilit\u0103\u021bi \u0219i mame singure care \u00eengrijesc unul sau mai mul\u021bi copii. Voucherele oferite consumatorilor afecta\u021bi de s\u0103r\u0103cia energetic\u0103 au fost un mecanism prin care am compensat par\u021bial cre\u0219terea pre\u021burilor la energie pentru persoanele vulnerabile. Peste 700.000 de gospod\u0103rii, reprezent\u00e2nd milioane de oameni, beneficiaz\u0103 de aceast\u0103 politic\u0103 public\u0103 p\u00e2n\u0103 la sf\u00e2r\u0219itul anului,\u201d a afirmat el.<\/p>\n<p>De asemenea, Manole a subliniat sprijinul acordat \u00een situa\u021bii de urgen\u021b\u0103, men\u021bion\u00e2nd: \u201eAm oferit ajutoare de urgen\u021b\u0103 pentru peste 2.500 de familii, \u00een valoare de peste 40 de milioane de lei.\u201d<\/p>\n<p><strong>Situa\u021bia companiilor \u0219i protejarea locurilor de munc\u0103<\/strong><\/p>\n<p>Fostul ministru a continuat prin a vorbi despre m\u0103surile adoptate pentru sprijinirea angaja\u021bilor din companiile afectate.<\/p>\n<p>\u201eAm asigurat plata salariilor restante pentru mii de angaja\u021bi de la Damen, Mangalia, Liberty, Gala\u021bi \u0219i Romairo. Am promis angaja\u021bilor c\u0103 voi fi vocea lor la Bucure\u0219ti \u0219i transmit mini\u0219trilor economiei \u0219i ap\u0103r\u0103rii c\u0103 trebuie s\u0103 fac\u0103 tot posibilul pentru a salva aceste companii \u0219i locuri de munc\u0103,\u201d a declarat Manole.<\/p>\n<p>El a explicat, de asemenea, m\u0103surile luate pentru persoanele afectate de falimente, men\u021bion\u00e2nd: \u201eAm oferit ajutoare de urgen\u021b\u0103 pentru peste 1.050 de persoane afectate de intrarea \u00een faliment a \u0219antierului Naval Mangalia. Acesta este un proiect deja transparent \u0219i va fi activ \u00een urm\u0103toarele s\u0103pt\u0103m\u00e2ni pentru a preveni problemele sociale.\u201d<\/p>\n<p><strong>Combaterea fraudelor \u0219i controale<\/strong><\/p>\n<p>Florin Manole a abordat, \u00een cadrul bilan\u021bului s\u0103u, \u0219i lupta \u00eempotriva abuzurilor \u0219i fraudelor \u00een domeniul muncii.<\/p>\n<p>\u201eAm aplicat o toleran\u021b\u0103 zero pentru munca la negru, abuzuri \u0219i fraud\u0103. Agen\u021bia Na\u021bional\u0103 pentru Protec\u021bia Persoanelor cu Dizabilit\u0103\u021bi a realizat peste 72.000 de reevalu\u0103ri, identific\u00e2nd 8.750 de certificate care nu trebuiau s\u0103 fie acordate. Totodat\u0103, peste 11.000 de persoane care meritau un grad de \u00eencadrare superior au fost astfel recunoscute,\u201d a explicat el.<\/p>\n<p>\u201eAgen\u021bia Na\u021bional\u0103 pentru Pl\u0103\u021bi \u0219i Inspec\u021bie Social\u0103 a efectuat peste 7.000 de controale, care au dus la peste 460 de sanc\u021biuni. La inspec\u021bia muncii, s-au realizat 74.101 controale, iar valoarea total\u0103 a sanc\u021biunilor a dep\u0103\u0219it 172 de milioane de lei,\u201d a ad\u0103ugat Manole.<\/p>\n<p><strong>Fonduri europene \u0219i servicii sociale<\/strong><\/p>\n<p>\u00cen ceea ce prive\u0219te fondurile europene, fostul ministru a subliniat c\u0103 majoritatea jaloanelor au fost \u00eendeplinite, iar proiectele \u00een derulare vizeaz\u0103 sute de mii de beneficiari.<\/p>\n<p>\u201eReferitor la resursele europene, din cele 27 de \u021binte \u0219i jaloane, 21 sunt deja \u00eendeplinite, iar 7 sunt \u00een curs de realizare. Exemple notabile includ legea salariz\u0103rii \u0219i digitalizarea \u00een domeniul muncii \u0219i protec\u021biei sociale, precum \u0219i 8 proiecte din fonduri europene \u00een implementare,\u201d a declarat el.<\/p>\n<p>\u201eUnul dintre aceste proiecte, cu o valoare de peste 4 miliarde de lei, finan\u021bat de Uniunea European\u0103, ofer\u0103 acces la servicii sociale pentru peste 400.000 de cet\u0103\u021beni v\u00e2rstnici, copii cu risc de abandon \u0219colar \u0219i mame singure,\u201d a ad\u0103ugat Manole.<\/p>\n<p><strong>Noua lege a salariz\u0103rii<\/strong><\/p>\n<p>Un alt punct central al bilan\u021bului s\u0103u a fost proiectul noii legi a salariz\u0103rii, pe care Manole l-a considerat esen\u021bial pentru corectarea inechit\u0103\u021bilor.<\/p>\n<p>\u201eAm realizat un draft avansat al acestei legi, pe care ministrul interimar \u00eel va g\u0103si ast\u0103zi la Minister,\u201d a spus el.<\/p>\n<p>\u201eAm elaborat o nou\u0103 lege \u00een care nimeni s\u0103 nu piard\u0103 din venituri. De asemenea, am reformat un sistem dezorganizat cu peste 100 de modific\u0103ri, elimin\u00e2nd disparit\u0103\u021bile \u0219i reorganiz\u00e2nd grilele de salarizare,\u201d a explicat Manole.<\/p>\n<p>\u201eAm redus majoritatea sporurilor \u0219i am modificat anvelopa total\u0103 pentru sporuri de la 30% la 20%,\u201d a concluzionat fostul ministru.<\/p>\n","protected":false},"excerpt":{"rendered":"<p>Fostul ministru al Muncii, Florin Manole, a sus\u021binut luni un bilan\u021b al activit\u0103\u021bii sale, venind \u00een contextul retragerii PSD de la guvernare, anun\u021bat\u0103 s\u0103pt\u0103m\u00e2na trecut\u0103. \u00cen cadrul acestui bilan\u021b, Manole a subliniat principalele m\u0103suri \u0219i reforme implementate \u00een timpul mandatului s\u0103u. \u201eAm direc\u021bionat resursele europene acolo unde era cea mai mare nevoie, am crescut \u0219ansele [&hellip;]<\/p>\n","protected":false},"author":2,"featured_media":16166,"comment_status":"open","ping_status":"open","sticky":false,"template":"","format":"standard","meta":{"jnews-multi-image_gallery":[],"jnews_single_post":[],"jnews_primary_category":[],"jnews_override_counter":[],"footnotes":""},"categories":[39],"tags":[10577,5573,1705,5571,3819,1057,10503,5269],"class_list":["post-16165","post","type-post","status-publish","format-standard","has-post-thumbnail","hentry","category-stirile-zilei","tag-bilant","tag-florin-manole","tag-masuri","tag-piata-muncii","tag-protectie","tag-reforme","tag-resurse-europene","tag-sprijin-social"],"_links":{"self":[{"href":"https:\/\/www.newsrecorder.ro\/app\/wp-json\/wp\/v2\/posts\/16165","targetHints":{"allow":["GET"]}}],"collection":[{"href":"https:\/\/www.newsrecorder.ro\/app\/wp-json\/wp\/v2\/posts"}],"about":[{"href":"https:\/\/www.newsrecorder.ro\/app\/wp-json\/wp\/v2\/types\/post"}],"author":[{"embeddable":true,"href":"https:\/\/www.newsrecorder.ro\/app\/wp-json\/wp\/v2\/users\/2"}],"replies":[{"embeddable":true,"href":"https:\/\/www.newsrecorder.ro\/app\/wp-json\/wp\/v2\/comments?post=16165"}],"version-history":[{"count":0,"href":"https:\/\/www.newsrecorder.ro\/app\/wp-json\/wp\/v2\/posts\/16165\/revisions"}],"wp:featuredmedia":[{"embeddable":true,"href":"https:\/\/www.newsrecorder.ro\/app\/wp-json\/wp\/v2\/media\/16166"}],"wp:attachment":[{"href":"https:\/\/www.newsrecorder.ro\/app\/wp-json\/wp\/v2\/media?parent=16165"}],"wp:term":[{"taxonomy":"category","embeddable":true,"href":"https:\/\/www.newsrecorder.ro\/app\/wp-json\/wp\/v2\/categories?post=16165"},{"taxonomy":"post_tag","embeddable":true,"href":"https:\/\/www.newsrecorder.ro\/app\/wp-json\/wp\/v2\/tags?post=16165"}],"curies":[{"name":"wp","href":"https:\/\/api.w.org\/{rel}","templated":true}]}}