{"id":16169,"date":"2026-04-27T10:13:21","date_gmt":"2026-04-27T10:13:21","guid":{"rendered":"https:\/\/www.newsrecorder.ro\/app\/2026\/04\/27\/psd-si-aur-o-alianta-neasteptata-impotriva-guvernului\/"},"modified":"2026-04-27T10:13:21","modified_gmt":"2026-04-27T10:13:21","slug":"psd-si-aur-o-alianta-neasteptata-impotriva-guvernului","status":"publish","type":"post","link":"https:\/\/www.newsrecorder.ro\/app\/2026\/04\/27\/psd-si-aur-o-alianta-neasteptata-impotriva-guvernului\/","title":{"rendered":"PSD \u0219i AUR: O alian\u021b\u0103 nea\u0219teptat\u0103 \u00eempotriva Guvernului!"},"content":{"rendered":"<p>\u201eA venit momentul! Masca a c\u0103zut definitiv! PSD \u0219i AUR au anun\u021bat c\u0103 vor depune o mo\u021biune comun\u0103 pentru a demite guvernul. Da, a\u021bi auzit bine. Ace\u0219tia sunt aceia\u0219i politicieni care s-au numit reciproc <em>cium\u0103 ro\u0219ie<\/em> \u0219i <em>extremi\u0219ti periculo\u0219i<\/em> ani de zile. \u00ce\u0219i aminti\u021bi ce proclamau? C\u0103 nu se vor alia niciodat\u0103. Acum, \u00eens\u0103, \u0219i-au dat m\u00e2na peste destinele rom\u00e2nilor. De ce? R\u0103spunsul este simplu: pentru c\u0103, \u00een realitate, sunt \u00een aceea\u0219i tab\u0103r\u0103. Ce \u00eei leag\u0103? Nu ideologia sau solu\u021biile benefice pentru rom\u00e2ni, ci frica. Frica de o Rom\u00e2nie care \u00eencepe s\u0103 func\u021bioneze f\u0103r\u0103 <em>PCR<\/em> (pile, cuno\u0219tin\u021be \u0219i rela\u021bii). F\u0103r\u0103 b\u0103ie\u021bi de\u0219tep\u021bi \u0219i f\u0103r\u0103 contracte cu dedica\u021bie\u201d, a scris liberalul pe Facebook, luni.<\/p>\n<p>Acesta a ad\u0103ugat c\u0103 \u201eeste de un cinism strig\u0103tor la cer s\u0103 vorbe\u0219ti despre <em>salvarea \u021b\u0103rii<\/em> \u00een timp ce depui o mo\u021biune care arunc\u0103 Rom\u00e2nia \u00een haos, exact \u00een momentul \u00een care \u00eentreaga lume se confrunt\u0103 cu cea mai grav\u0103 criz\u0103 din ultimii ani\u201d.<\/p>\n<p>Sebastian Burduja a subliniat c\u0103 aceast\u0103 mo\u021biune nu se concentreaz\u0103 asupra Premierului Bolojan, ci asupra disper\u0103rii unor politicieni care simt c\u0103 \u00ee\u0219i pierd controlul.<\/p>\n<p>\u201eIat\u0103 adev\u0103rul pe care mul\u021bi nu vi-l spun: nu exist\u0103 un sistem \u0219i un anti-sistem. Exist\u0103 doar oameni care doresc puterea \u0219i se aliaz\u0103 cu oricine pentru a o ob\u021bine. Mul\u021bi rom\u00e2ni au votat \u00eempotriva sistemului, iar politicienii care strigau cu at\u00e2ta t\u0103rie p\u00e2n\u0103 ieri s-au integrat acum \u00een sistem\u201d, a afirmat el.<\/p>\n<p>\u00cen acest context, PSD \u0219i AUR au anun\u021bat c\u0103 inten\u021bioneaz\u0103 s\u0103 ini\u021bieze \u00eempreun\u0103 o <a style=\"color: #0000ff\" href=\"https:\/\/www.mediafax.ro\/breaking-news\/psd-si-aur-anunta-ca-vor-initia-impreuna-o-motiune-de-cenzura-reactii-vehemente-din-pnl-23727035\" target=\"_blank\" rel=\"noopener\">mo\u021biune de cenzur\u0103<\/a> \u00eempotriva Guvernului Bolojan. Anun\u021bul a fost f\u0103cut luni de c\u0103tre liderii celor dou\u0103 partide politice.<\/p>\n","protected":false},"excerpt":{"rendered":"<p>\u201eA venit momentul! Masca a c\u0103zut definitiv! PSD \u0219i AUR au anun\u021bat c\u0103 vor depune o mo\u021biune comun\u0103 pentru a demite guvernul. Da, a\u021bi auzit bine. Ace\u0219tia sunt aceia\u0219i politicieni care s-au numit reciproc cium\u0103 ro\u0219ie \u0219i extremi\u0219ti periculo\u0219i ani de zile. \u00ce\u0219i aminti\u021bi ce proclamau? C\u0103 nu se vor alia niciodat\u0103. Acum, \u00eens\u0103, \u0219i-au [&hellip;]<\/p>\n","protected":false},"author":2,"featured_media":16170,"comment_status":"open","ping_status":"open","sticky":false,"template":"","format":"standard","meta":{"jnews-multi-image_gallery":[],"jnews_single_post":[],"jnews_primary_category":[],"jnews_override_counter":[],"footnotes":""},"categories":[39],"tags":[1916,18491,2403,301,2401,3275,300,149],"class_list":["post-16169","post","type-post","status-publish","format-standard","has-post-thumbnail","hentry","category-stirile-zilei","tag-aur","tag-ciuma-rosie","tag-criza","tag-guvern","tag-motiune","tag-politicieni","tag-psd","tag-romania"],"_links":{"self":[{"href":"https:\/\/www.newsrecorder.ro\/app\/wp-json\/wp\/v2\/posts\/16169","targetHints":{"allow":["GET"]}}],"collection":[{"href":"https:\/\/www.newsrecorder.ro\/app\/wp-json\/wp\/v2\/posts"}],"about":[{"href":"https:\/\/www.newsrecorder.ro\/app\/wp-json\/wp\/v2\/types\/post"}],"author":[{"embeddable":true,"href":"https:\/\/www.newsrecorder.ro\/app\/wp-json\/wp\/v2\/users\/2"}],"replies":[{"embeddable":true,"href":"https:\/\/www.newsrecorder.ro\/app\/wp-json\/wp\/v2\/comments?post=16169"}],"version-history":[{"count":0,"href":"https:\/\/www.newsrecorder.ro\/app\/wp-json\/wp\/v2\/posts\/16169\/revisions"}],"wp:featuredmedia":[{"embeddable":true,"href":"https:\/\/www.newsrecorder.ro\/app\/wp-json\/wp\/v2\/media\/16170"}],"wp:attachment":[{"href":"https:\/\/www.newsrecorder.ro\/app\/wp-json\/wp\/v2\/media?parent=16169"}],"wp:term":[{"taxonomy":"category","embeddable":true,"href":"https:\/\/www.newsrecorder.ro\/app\/wp-json\/wp\/v2\/categories?post=16169"},{"taxonomy":"post_tag","embeddable":true,"href":"https:\/\/www.newsrecorder.ro\/app\/wp-json\/wp\/v2\/tags?post=16169"}],"curies":[{"name":"wp","href":"https:\/\/api.w.org\/{rel}","templated":true}]}}