{"id":16177,"date":"2026-04-27T10:14:32","date_gmt":"2026-04-27T10:14:32","guid":{"rendered":"https:\/\/www.newsrecorder.ro\/app\/2026\/04\/27\/geanina-pistru-psd-si-aur-tradatori-afla-ce-zice-despre-bolojan\/"},"modified":"2026-04-27T10:14:32","modified_gmt":"2026-04-27T10:14:32","slug":"geanina-pistru-psd-si-aur-tradatori-afla-ce-zice-despre-bolojan","status":"publish","type":"post","link":"https:\/\/www.newsrecorder.ro\/app\/2026\/04\/27\/geanina-pistru-psd-si-aur-tradatori-afla-ce-zice-despre-bolojan\/","title":{"rendered":"Geanina Pistru: \u201ePSD \u0219i AUR, tr\u0103d\u0103tori! Afl\u0103 ce zice despre Bolojan!\u201d"},"content":{"rendered":"<p><em>\u201eMo\u021biunea PSD-AUR apare \u00eentr-un moment critic pentru Rom\u00e2nia, c\u00e2nd avem nevoie de responsabilitate, nu de iresponsabilitate politic\u0103 mascat\u0103 sub forma voturilor de blocaj. Atunci c\u00e2nd \u021bara noastr\u0103 vrea s\u0103 progreseze, ei aleg s\u0103 ne trag\u0103 \u00eenapoi. C\u00e2nd este momentul pentru reforme, ei aleg s\u0103 fr\u00e2neze\u201d<\/em>, a declarat deputata ar\u0103deanc\u0103 pe re\u021belele sociale.<\/p>\n<p>Deputata a subliniat c\u0103 \u201easist\u0103m la o \u00eencercare iresponsabil\u0103 de a stopa o direc\u021bie care, \u00een sf\u00e2r\u0219it, \u00eencepe s\u0103 aduc\u0103 rezultate\u201d.<\/p>\n<p>Pistru a afirmat c\u0103 \u201emo\u021biunea are un singur scop\u201d, subliniind c\u0103 acest demers vizeaz\u0103 \u201eoprirea celor care depun eforturi \u0219i fac lucruri concrete\u201d.<\/p>\n<p>Ca exemplu de leadership eficient, Pistru l-a men\u021bionat pe Bolojan, afirm\u00e2nd c\u0103 acesta este \u201eexact genul de lider care deranjeaz\u0103, deoarece nu accept\u0103 stagnarea\u201d.<\/p>\n<p>\u201eEu aleg s\u0103 fac parte din echipa care construie\u0219te, nu din cea care blocheaz\u0103. Ei se str\u00e2ng pentru a-\u0219i consolida puterea, \u00een timp ce noi avans\u0103m pentru binele Rom\u00e2niei\u201d, a concluzionat Pistru.<\/p>\n<p>Este important de men\u021bionat c\u0103 luni diminea\u021b\u0103, \u00een cadrul unei conferin\u021be de pres\u0103 comune, Maran Neac\u0219u, din partea PSD, \u0219i Petri\u0219or Peiu, din partea AUR, au anun\u021bat c\u0103 lucreaz\u0103 la o mo\u021biune de cenzur\u0103 comun\u0103.<\/p>\n<p>Pistru nu este singura liberal\u0103 care a contestat aceast\u0103 ini\u021biativ\u0103, ea catalog\u00e2nd demersul drept \u201eculmea iresponsabilit\u0103\u021bii\u201d \u0219i reafirm\u00e2nd c\u0103 nu va mai forma o coali\u021bie cu PSD \u00een viitor.<\/p>\n","protected":false},"excerpt":{"rendered":"<p>\u201eMo\u021biunea PSD-AUR apare \u00eentr-un moment critic pentru Rom\u00e2nia, c\u00e2nd avem nevoie de responsabilitate, nu de iresponsabilitate politic\u0103 mascat\u0103 sub forma voturilor de blocaj. Atunci c\u00e2nd \u021bara noastr\u0103 vrea s\u0103 progreseze, ei aleg s\u0103 ne trag\u0103 \u00eenapoi. C\u00e2nd este momentul pentru reforme, ei aleg s\u0103 fr\u00e2neze\u201d, a declarat deputata ar\u0103deanc\u0103 pe re\u021belele sociale. Deputata a subliniat [&hellip;]<\/p>\n","protected":false},"author":2,"featured_media":16178,"comment_status":"open","ping_status":"open","sticky":false,"template":"","format":"standard","meta":{"jnews-multi-image_gallery":[],"jnews_single_post":[],"jnews_primary_category":[],"jnews_override_counter":[],"footnotes":""},"categories":[39],"tags":[1916,8773,5606,2401,626,300,1057,319],"class_list":["post-16177","post","type-post","status-publish","format-standard","has-post-thumbnail","hentry","category-stirile-zilei","tag-aur","tag-blocaj","tag-leadership","tag-motiune","tag-progres","tag-psd","tag-reforme","tag-responsabilitate"],"_links":{"self":[{"href":"https:\/\/www.newsrecorder.ro\/app\/wp-json\/wp\/v2\/posts\/16177","targetHints":{"allow":["GET"]}}],"collection":[{"href":"https:\/\/www.newsrecorder.ro\/app\/wp-json\/wp\/v2\/posts"}],"about":[{"href":"https:\/\/www.newsrecorder.ro\/app\/wp-json\/wp\/v2\/types\/post"}],"author":[{"embeddable":true,"href":"https:\/\/www.newsrecorder.ro\/app\/wp-json\/wp\/v2\/users\/2"}],"replies":[{"embeddable":true,"href":"https:\/\/www.newsrecorder.ro\/app\/wp-json\/wp\/v2\/comments?post=16177"}],"version-history":[{"count":0,"href":"https:\/\/www.newsrecorder.ro\/app\/wp-json\/wp\/v2\/posts\/16177\/revisions"}],"wp:featuredmedia":[{"embeddable":true,"href":"https:\/\/www.newsrecorder.ro\/app\/wp-json\/wp\/v2\/media\/16178"}],"wp:attachment":[{"href":"https:\/\/www.newsrecorder.ro\/app\/wp-json\/wp\/v2\/media?parent=16177"}],"wp:term":[{"taxonomy":"category","embeddable":true,"href":"https:\/\/www.newsrecorder.ro\/app\/wp-json\/wp\/v2\/categories?post=16177"},{"taxonomy":"post_tag","embeddable":true,"href":"https:\/\/www.newsrecorder.ro\/app\/wp-json\/wp\/v2\/tags?post=16177"}],"curies":[{"name":"wp","href":"https:\/\/api.w.org\/{rel}","templated":true}]}}