{"id":16179,"date":"2026-04-27T10:14:45","date_gmt":"2026-04-27T10:14:45","guid":{"rendered":"https:\/\/www.newsrecorder.ro\/app\/2026\/04\/27\/george-simion-nicusor-dan-are-probleme-evidente-dar-nu-comentez-acum\/"},"modified":"2026-04-27T10:14:45","modified_gmt":"2026-04-27T10:14:45","slug":"george-simion-nicusor-dan-are-probleme-evidente-dar-nu-comentez-acum","status":"publish","type":"post","link":"https:\/\/www.newsrecorder.ro\/app\/2026\/04\/27\/george-simion-nicusor-dan-are-probleme-evidente-dar-nu-comentez-acum\/","title":{"rendered":"George Simion: \u201eNicu\u0219or Dan are probleme evidente, dar nu comentez acum\u201d"},"content":{"rendered":"<p>George Simion a recunoscut c\u0103 utilizarea apelativelor nepotrivite, care fac referire la afec\u021biuni medicale, a fost rezultatul unor derapaje, manifestate pe fondul nemul\u021bumirilor \u0219i lipsei de respect. El a subliniat c\u0103, \u00een absen\u021ba respectului \u00eentre interlocutori, astfel de comportamente devin, din p\u0103cate, o realitate.<\/p>\n<p>\u201eC\u00e2nd respectul dispare \u00eentre cei care discut\u0103, iat\u0103 cum se manifest\u0103 lucrurile. \u00cemi doresc s\u0103 nu mai vedem astfel de situa\u021bii. Totu\u0219i, atunci c\u00e2nd e\u0219ti exclus anticonstitu\u021bional din via\u021ba politic\u0103, iar alegerile sunt anulate f\u0103r\u0103 nicio explica\u021bie, aproape un an \u0219i jum\u0103tate mai t\u00e2rziu, derapajele apar din toate p\u0103r\u021bile\u201d, a declarat pre\u0219edintele AUR.<\/p>\n<p>Simion a exprimat dorin\u021ba de a dep\u0103\u0219i acele momente jenante \u0219i a solicitat liderilor partidului s\u0103 evite astfel de comentarii. Cu toate acestea, el a profitat de ocazie pentru a-l critica din nou pe pre\u0219edintele Rom\u00e2niei.<\/p>\n<p>\u201eDomnul Nicu\u0219or Dan prezint\u0103 ni\u0219te probleme vizibile. Nu inten\u021bionez s\u0103 discut sau s\u0103 comentez acest subiect acum, av\u00e2nd \u00een vedere c\u0103 vrem s\u0103 purt\u0103m un dialog constructiv\u201d, a ad\u0103ugat Simion.<\/p>\n<p>El a asigurat c\u0103 to\u021bi liderii AUR se vor ab\u021bine de la a-l evalua pe Nicu\u0219or Dan \u00eentr-un mod negativ, av\u00e2nd \u00een vedere c\u0103 ne afl\u0103m \u00eentr-o criz\u0103. \u201eFaptul c\u0103 el ne-a desconsiderat, iar noi am avut o replic\u0103 politic\u0103 care a fost o metafor\u0103 pentru amor\u021bire \u0219i paralizie, este un incident pe care dorim s\u0103-l l\u0103s\u0103m \u00een urm\u0103, cu condi\u021bia s\u0103 vedem o deschidere din partea cealalt\u0103\u201d, a \u00eencheiat Simion.<\/p>\n","protected":false},"excerpt":{"rendered":"<p>George Simion a recunoscut c\u0103 utilizarea apelativelor nepotrivite, care fac referire la afec\u021biuni medicale, a fost rezultatul unor derapaje, manifestate pe fondul nemul\u021bumirilor \u0219i lipsei de respect. El a subliniat c\u0103, \u00een absen\u021ba respectului \u00eentre interlocutori, astfel de comportamente devin, din p\u0103cate, o realitate. \u201eC\u00e2nd respectul dispare \u00eentre cei care discut\u0103, iat\u0103 cum se manifest\u0103 [&hellip;]<\/p>\n","protected":false},"author":2,"featured_media":16180,"comment_status":"open","ping_status":"open","sticky":false,"template":"","format":"standard","meta":{"jnews-multi-image_gallery":[],"jnews_single_post":[],"jnews_primary_category":[],"jnews_override_counter":[],"footnotes":""},"categories":[39],"tags":[18503,7098,697,18504,2816,290,1048,18505],"class_list":["post-16179","post","type-post","status-publish","format-standard","has-post-thumbnail","hentry","category-stirile-zilei","tag-apelative-nepotrivite","tag-comentarii","tag-critici","tag-derapaje","tag-george-simion","tag-presedintele-romaniei","tag-respect","tag-viata-politica"],"_links":{"self":[{"href":"https:\/\/www.newsrecorder.ro\/app\/wp-json\/wp\/v2\/posts\/16179","targetHints":{"allow":["GET"]}}],"collection":[{"href":"https:\/\/www.newsrecorder.ro\/app\/wp-json\/wp\/v2\/posts"}],"about":[{"href":"https:\/\/www.newsrecorder.ro\/app\/wp-json\/wp\/v2\/types\/post"}],"author":[{"embeddable":true,"href":"https:\/\/www.newsrecorder.ro\/app\/wp-json\/wp\/v2\/users\/2"}],"replies":[{"embeddable":true,"href":"https:\/\/www.newsrecorder.ro\/app\/wp-json\/wp\/v2\/comments?post=16179"}],"version-history":[{"count":0,"href":"https:\/\/www.newsrecorder.ro\/app\/wp-json\/wp\/v2\/posts\/16179\/revisions"}],"wp:featuredmedia":[{"embeddable":true,"href":"https:\/\/www.newsrecorder.ro\/app\/wp-json\/wp\/v2\/media\/16180"}],"wp:attachment":[{"href":"https:\/\/www.newsrecorder.ro\/app\/wp-json\/wp\/v2\/media?parent=16179"}],"wp:term":[{"taxonomy":"category","embeddable":true,"href":"https:\/\/www.newsrecorder.ro\/app\/wp-json\/wp\/v2\/categories?post=16179"},{"taxonomy":"post_tag","embeddable":true,"href":"https:\/\/www.newsrecorder.ro\/app\/wp-json\/wp\/v2\/tags?post=16179"}],"curies":[{"name":"wp","href":"https:\/\/api.w.org\/{rel}","templated":true}]}}